{"id":52259,"date":"2023-03-01T14:27:00","date_gmt":"2023-03-01T20:27:00","guid":{"rendered":"http:\/\/www.zonaroja.com.mx\/?p=52259"},"modified":"2023-03-01T15:31:10","modified_gmt":"2023-03-01T21:31:10","slug":"p1-13","status":"publish","type":"post","link":"https:\/\/zonaroja.com.mx\/?p=52259","title":{"rendered":"Como Ulises Ruiz en 2006, gobernador Jara Cruz desaloja protesta con antimotines y gas"},"content":{"rendered":"\n<p>Yuridiana Sosa\/Zona Roja.<\/p>\n\n\n\n<p>Oaxaca de Ju\u00e1rez, Oax., a 1 de marzo de 2023.- Como lo hizo Ulises Ruiz en junio de 2006, el gobernador Salom\u00f3n Jara Cruz orden\u00f3 el desalojo de una protesta, con polic\u00edas antimotines y gas lacrim\u00f3geno.&nbsp;<\/p>\n\n\n\n<p>Fue alrededor de las 13:30 en que arribaron los elementos policiacos sobre la calle de Trujano y arremetieron en contra de pobladores del municipio de Santiago Xiacu\u00ed, que manten\u00edan una protesta pac\u00edfica en los accesos al Palacio de Gobierno.<\/p>\n\n\n\n<p>Sin di\u00e1logo de por medio, los elementos de la Polic\u00eda Estatal, de la Secretar\u00eda de Seguridad y Protecci\u00f3n Ciudadana, golpearon a varios ciudadanos, entre ellos mujeres.<\/p>\n\n\n\n<p>Tras ello, arrojaron varios cartuchos con gas lacrim\u00f3geno, que afect\u00f3 tambi\u00e9n a turistas y comensales en el z\u00f3calo capitalino y su contorno.&nbsp;<\/p>\n\n\n\n<p>Hasta el momento nos manifestantes se mantienen replegados y a\u00fan no hay saldo de heridos. <\/p>\n\n\n\n<figure class=\"wp-block-embed\"><div class=\"wp-block-embed__wrapper\">\n<div class=\"twitter-tweet\"><blockquote class=\"twitter-tweet\" data-lang=\"es\"><p lang=\"es\" dir=\"ltr\"><a href=\"https:\/\/twitter.com\/hashtag\/%C3%9AltimoMinuto?src=hash&amp;ref_src=twsrc%5Etfw\">#\u00daltimoMinuto<\/a><br>Al estilo de Ulises Ruiz en 2006, el gobierno de <a href=\"https:\/\/twitter.com\/salomonj?ref_src=twsrc%5Etfw\">@salomonj<\/a> reprime manifestaciones pac\u00edficas con fuerza p\u00fablica. <br>Ayer fue contra una decena de triquis. <br>Hoy contra pobladores de Santiago Xiacu\u00ed, Oaxaca, que ped\u00edan mesa de di\u00e1logo. <a href=\"https:\/\/twitter.com\/julioastillero?ref_src=twsrc%5Etfw\">@julioastillero<\/a> <a href=\"https:\/\/twitter.com\/infobaemexico?ref_src=twsrc%5Etfw\">@infobaemexico<\/a> <a href=\"https:\/\/t.co\/6SZ38AFprU\">pic.twitter.com\/6SZ38AFprU<\/a><\/p>&mdash; Zona Roja Oaxaca (@ZonaRoja_Oaxaca) <a href=\"https:\/\/twitter.com\/ZonaRoja_Oaxaca\/status\/1631025284555177984?ref_src=twsrc%5Etfw\">1 de marzo de 2023<\/a><\/blockquote><\/div>\n<\/div><\/figure>\n\n\n\n<p>EL INICIO&nbsp;<\/p>\n\n\n\n<p>\u201c\u00a1Santiago est\u00e1 presente!\u00a1La Sierra est\u00e1 presente!\u00a1Aqu\u00ed estamos, s\u00ed se\u00f1or y no tenemos miedo!\u201d, fueron de las insistentes consignas de la molesta poblaci\u00f3n de Santiago Xiacu\u00ed, en la Sierra Ju\u00e1rez, a su llegada, a eso de las 10:00 horas, a la puerta de Palacio de Gobierno al no ser recibidos por el secretario de Gobierno, Jes\u00fas Romero L\u00f3pez.<\/p>\n\n\n\n<p>Hartos de entablar anteriores mesas de di\u00e1logo sin soluci\u00f3n, habitantes de Santiago Xiacu\u00ed, se manifestaron en Palacio de Gobierno de Oaxaca para exigir un encuentro con el titular de la Secretar\u00eda de Gobierno, de quien fue negada su presencia a pesar de estar dentro del recinto.<\/p>\n\n\n\n<p>Seguros de que el funcionario estaba dentro, por verlo ingresar minutos antes, pobladores de la Sierra Ju\u00e1rez demandaron insistentes en ser atendidos por el Romero L\u00f3pez.&nbsp;<\/p>\n\n\n\n<p>Los manifestantes denunciaron que el Comisionado que asign\u00f3 el Gobierno de Oaxaca para su municipio, Waldo Ram\u00edrez, presuntamente se rob\u00f3 el dinero asignado a la comunidad en solo dos meses de gesti\u00f3n.&nbsp;<\/p>\n\n\n\n<p>Hombres y mujeres de la comunidad exigen la destituci\u00f3n del funcionario y se les reintegre el dinero que los habitantes han puesto para solventar algunas de las necesidades b\u00e1sicas de la poblaci\u00f3n, pues carecen de todo tipo de servicios y obras.&nbsp;<\/p>\n\n\n\n<p>De la puerta lateral sobre la calle de Bustamante sali\u00f3 un funcionario de la Secretar\u00eda de Gobierno, pero su interlocuci\u00f3n para llevar a cabo la mesa fue rechazada.<\/p>\n\n\n\n<p>Primero, les pidi\u00f3 que no bloquearan la calles y despu\u00e9s ofreci\u00f3 iniciar un di\u00e1logo, en el que no asegur\u00f3 la presencia del titular de la Segob de Oaxaca.<\/p>\n\n\n\n<p>LA IRRITACI\u00d3N&nbsp;<\/p>\n\n\n\n<figure class=\"wp-block-embed\"><div class=\"wp-block-embed__wrapper\">\n<div class=\"twitter-tweet\"><blockquote class=\"twitter-tweet\" data-lang=\"es\"><p lang=\"es\" dir=\"ltr\">Los pobladores de Santiago Xiacu\u00ed acusan al comisionado que puso el <a href=\"https:\/\/twitter.com\/GobOax?ref_src=twsrc%5Etfw\">@GobOax<\/a>, Oswaldo Ram\u00edrez, que se rob\u00f3 el dinero de la comunidad. <br>Piden reuni\u00f3n con <a href=\"https:\/\/twitter.com\/jesusromerooax?ref_src=twsrc%5Etfw\">@jesusromerooax<\/a> pero les dicen que no est\u00e1, cuando ellos mismos lo vieron ingresar al Palacio. <a href=\"https:\/\/t.co\/2t5UWHHhU5\">pic.twitter.com\/2t5UWHHhU5<\/a><\/p>&mdash; Zona Roja Oaxaca (@ZonaRoja_Oaxaca) <a href=\"https:\/\/twitter.com\/ZonaRoja_Oaxaca\/status\/1630980382802706453?ref_src=twsrc%5Etfw\">1 de marzo de 2023<\/a><\/blockquote><\/div>\n<\/div><\/figure>\n\n\n\n<p>El ofrecimiento del Gobierno de Oaxaca por sostener la reuni\u00f3n continu\u00f3, asegurando que Romero L\u00f3pez no se encontraba. Pero la respuesta de los habitantes fue firme al requerir al secretario para que diera soluci\u00f3n inmediata.<\/p>\n\n\n\n<p>Los \u00e1nimos poco a poco se fueron calentando. \u201c\u00a1Santiago est\u00e1 presente!\u00a1La Sierra est\u00e1 presente!\u00a1Aqu\u00ed estamos, s\u00ed se\u00f1or y no tenemos miedo!\u201d, gritaban los pobladores, quienes rodearon al funcionario para hacerle saber su necesidad.<\/p>\n\n\n\n<p>\u201cQu\u00e9 le cuesta a usted&#8230; a nosotros nos est\u00e1 costando un pueblo, salarios, no tenemos ning\u00fan servicio como habitantes. Tenemos dos meses as\u00ed, tenemos familia tambi\u00e9n, tenemos que comer\u201d, expuso con enojo una de las habitantes ante la necia propuesta del gobierno y ni siquiera dejarlos entrar al Palacio.&nbsp;<\/p>\n\n\n\n<p>\u201c\u00a1No somos necios, somos de la sierra!\u201d, siguieron los gritos de los habitantes para que escucharan a los funcionarios.<\/p>\n\n\n\n<p>La puerta de Palacio de Gobierno se volvi\u00f3 a cerrar y los pobladores se \u201cplantaron\u201d en el acceso, con el bloqueo de la calle de Bustamante para hacer presi\u00f3n.<\/p>\n\n\n\n<p>Tras la represi\u00f3n, los pobladores se mantienen en el centro de la ciudad, en espera de reanudar acciones de protesta pac\u00edfica. <\/p>\n","protected":false},"excerpt":{"rendered":"<p>Yuridiana Sosa\/Zona Roja. Oaxaca de Ju\u00e1rez, Oax., a 1 de marzo de 2023.- Como lo&hellip;<\/p>\n","protected":false},"author":2,"featured_media":52263,"comment_status":"closed","ping_status":"open","sticky":false,"template":"","format":"standard","meta":{"_lmt_disableupdate":"","_lmt_disable":"","_jetpack_memberships_contains_paid_content":false,"footnotes":""},"categories":[109,1,47],"tags":[],"class_list":["post-52259","post","type-post","status-publish","format-standard","has-post-thumbnail","hentry","category-minuto-a-minuto","category-sin-categoria","category-zona-gris"],"jetpack_featured_media_url":"https:\/\/zonaroja.com.mx\/wp-content\/uploads\/2023\/03\/f7ec0883-bb5e-4d88-a8d7-87718ebb0ed1.jpg","jetpack_sharing_enabled":true,"_links":{"self":[{"href":"https:\/\/zonaroja.com.mx\/index.php?rest_route=\/wp\/v2\/posts\/52259","targetHints":{"allow":["GET"]}}],"collection":[{"href":"https:\/\/zonaroja.com.mx\/index.php?rest_route=\/wp\/v2\/posts"}],"about":[{"href":"https:\/\/zonaroja.com.mx\/index.php?rest_route=\/wp\/v2\/types\/post"}],"author":[{"embeddable":true,"href":"https:\/\/zonaroja.com.mx\/index.php?rest_route=\/wp\/v2\/users\/2"}],"replies":[{"embeddable":true,"href":"https:\/\/zonaroja.com.mx\/index.php?rest_route=%2Fwp%2Fv2%2Fcomments&post=52259"}],"version-history":[{"count":2,"href":"https:\/\/zonaroja.com.mx\/index.php?rest_route=\/wp\/v2\/posts\/52259\/revisions"}],"predecessor-version":[{"id":52264,"href":"https:\/\/zonaroja.com.mx\/index.php?rest_route=\/wp\/v2\/posts\/52259\/revisions\/52264"}],"wp:featuredmedia":[{"embeddable":true,"href":"https:\/\/zonaroja.com.mx\/index.php?rest_route=\/wp\/v2\/media\/52263"}],"wp:attachment":[{"href":"https:\/\/zonaroja.com.mx\/index.php?rest_route=%2Fwp%2Fv2%2Fmedia&parent=52259"}],"wp:term":[{"taxonomy":"category","embeddable":true,"href":"https:\/\/zonaroja.com.mx\/index.php?rest_route=%2Fwp%2Fv2%2Fcategories&post=52259"},{"taxonomy":"post_tag","embeddable":true,"href":"https:\/\/zonaroja.com.mx\/index.php?rest_route=%2Fwp%2Fv2%2Ftags&post=52259"}],"curies":[{"name":"wp","href":"https:\/\/api.w.org\/{rel}","templated":true}]}}