{"id":5226,"date":"2019-10-28T19:16:35","date_gmt":"2019-10-29T01:16:35","guid":{"rendered":"http:\/\/www.zonaroja.com.mx\/?p=5226"},"modified":"2019-10-28T19:16:38","modified_gmt":"2019-10-29T01:16:38","slug":"intimidan-a-dirigente-social-tras-exigir-organizaciones-renuncia-de-fiscal","status":"publish","type":"post","link":"https:\/\/zonaroja.com.mx\/?p=5226","title":{"rendered":"Intimidan a dirigente social tras exigir organizaciones renuncia de fiscal"},"content":{"rendered":"\n<p>Redacci\u00f3n\/Zona Roja.<\/p>\n\n\n\n<p>Oaxaca de Ju\u00e1rez, Oax., 28 de octubre\nde 2019.- Integrantes de la Asamblea de los Pueblo en Defensa del Territorio,\nla Educaci\u00f3n P\u00fablica, Gratuita y los Derechos Humanos y del Consejo Oaxaque\u00f1o\nde Organizaciones Aut\u00f3nomas (COOA), acusaron una serie de actos violentos e\nintimidatorios en su contra por parte de la Fiscal\u00eda General del Estado de\nOaxaca a cargo de Rub\u00e9n Vasconcelos M\u00e9ndez.<\/p>\n\n\n\n<p>En conferencia de prensa, denunciaron\nal funcionario encargado de la procuraci\u00f3n de justicia en la entidad, misma que\naseguran respaldan otras organizaciones y comunidades ind\u00edgenas que\nrecientemente se han enfrentado a las irregularidades y abusos por parte de la\ndependencia.<\/p>\n\n\n\n<p>\u201cDenunciamos y responsabilizamos\ndirectamente al fiscal general de Oaxaca&nbsp;\nRub\u00e9n Vasconcelos M\u00e9ndez, como responsable de la corrupci\u00f3n al interior\ndel sistema de justicia en Oaxaca, de la impunidad de que gozan los criminales\nen la entidad, haciendo que el crimen organizado crezca en 72 por ciento\ndurante el \u00faltimo a\u00f1o\u201d, indicaron.<\/p>\n\n\n\n<p>En este sentido, explicaron que la\ncorrupci\u00f3n e impunidad al interior de la Fiscal\u00eda ha provocado que criminales\nagredan y persigan a integrantes de las comunidades organizadas que defienden\nsus derechos humanos, violando las leyes y el hecho de presunci\u00f3n de inocencia\ncomo ha sido el caso del Comit\u00e9 de Defensa de los Pueblos Ind\u00edgenas (Codedi).<\/p>\n\n\n\n<p>Por lo anterior mantienen su demanda de\nintervenci\u00f3n de la Federaci\u00f3n para investigar al fiscal de Oaxaca, mientras\nesto sucede exigen la renuncia de Vasconcelos M\u00e9ndez para garantizar que no\nhabr\u00e1 \u201cmano negra\u201d en dicho proceso.<\/p>\n\n\n\n<p>Demandar la separaci\u00f3n de Vasconcelos\nM\u00e9ndez ocasion\u00f3 que el s\u00e1bado pasado fuera balaceada la casa de Juan Torres\nPereda, representante del Comit\u00e9 de Defensa Ciudadana y Asistencia Rural y\nAsamblea de Pueblos ubicada en Santo Domingo Teojomulco.<\/p>\n\n\n\n<p>El hecho, aunque fue denunciado, de\nprimera cuenta fue minimizado por las autoridades quienes incluso se negaban a\niniciar la carpeta de investigaci\u00f3n; sin embargo, fue debido a la presi\u00f3n\nsocial que se consigui\u00f3 que se tomar\u00e1n en cuenta las pruebas del ataque, que\naseguran es una reacci\u00f3n de las autoridades hacia las declaraciones y acciones\nque han realizado las organizaciones sociales.<\/p>\n\n\n\n<p>Detallaron que esta reacci\u00f3n confirma\nlas denuncias que han presentado por lo que en los pr\u00f3ximos d\u00edas llevar\u00e1n a\ncabo nuevas acciones para conseguir que sus reclamos sean escuchados por el\npresidente de la Rep\u00fablica y finalmente se termine la corrupci\u00f3n y la impunidad\nal interior de la Fiscal\u00eda oaxaque\u00f1a.<\/p>\n\n\n\n<p>\u201cHoy con mayor firmeza seguimos\nresponsabilizando al fiscal de Oaxaca, Rub\u00e9n Vasconcelos M\u00e9ndez de cualquier\natentado que sufra otra compa\u00f1era o compa\u00f1ero de las organizaciones el COOA o\nla Asamblea de los Pueblos en Defensa del Territorio, la Educaci\u00f3n P\u00fablica,\nGratuita y los Derechos Humanos\u201d, sentenciaron.<\/p>\n","protected":false},"excerpt":{"rendered":"<p>Redacci\u00f3n\/Zona Roja. Oaxaca de Ju\u00e1rez, Oax., 28 de octubre de 2019.- Integrantes de la Asamblea&hellip;<\/p>\n","protected":false},"author":2,"featured_media":5227,"comment_status":"closed","ping_status":"open","sticky":false,"template":"","format":"standard","meta":{"_lmt_disableupdate":"","_lmt_disable":"","_jetpack_memberships_contains_paid_content":false,"footnotes":""},"categories":[109,47],"tags":[931,494],"class_list":["post-5226","post","type-post","status-publish","format-standard","has-post-thumbnail","hentry","category-minuto-a-minuto","category-zona-gris","tag-consejo-oaxaqueno-de-organizaciones-autonomas","tag-fiscalia-general-del-estado-de-oaxaca"],"jetpack_featured_media_url":"https:\/\/zonaroja.com.mx\/wp-content\/uploads\/2019\/10\/4c342a34-0492-4034-aa0a-593901cfaf4d.jpg","jetpack_sharing_enabled":true,"_links":{"self":[{"href":"https:\/\/zonaroja.com.mx\/index.php?rest_route=\/wp\/v2\/posts\/5226","targetHints":{"allow":["GET"]}}],"collection":[{"href":"https:\/\/zonaroja.com.mx\/index.php?rest_route=\/wp\/v2\/posts"}],"about":[{"href":"https:\/\/zonaroja.com.mx\/index.php?rest_route=\/wp\/v2\/types\/post"}],"author":[{"embeddable":true,"href":"https:\/\/zonaroja.com.mx\/index.php?rest_route=\/wp\/v2\/users\/2"}],"replies":[{"embeddable":true,"href":"https:\/\/zonaroja.com.mx\/index.php?rest_route=%2Fwp%2Fv2%2Fcomments&post=5226"}],"version-history":[{"count":1,"href":"https:\/\/zonaroja.com.mx\/index.php?rest_route=\/wp\/v2\/posts\/5226\/revisions"}],"predecessor-version":[{"id":5228,"href":"https:\/\/zonaroja.com.mx\/index.php?rest_route=\/wp\/v2\/posts\/5226\/revisions\/5228"}],"wp:featuredmedia":[{"embeddable":true,"href":"https:\/\/zonaroja.com.mx\/index.php?rest_route=\/wp\/v2\/media\/5227"}],"wp:attachment":[{"href":"https:\/\/zonaroja.com.mx\/index.php?rest_route=%2Fwp%2Fv2%2Fmedia&parent=5226"}],"wp:term":[{"taxonomy":"category","embeddable":true,"href":"https:\/\/zonaroja.com.mx\/index.php?rest_route=%2Fwp%2Fv2%2Fcategories&post=5226"},{"taxonomy":"post_tag","embeddable":true,"href":"https:\/\/zonaroja.com.mx\/index.php?rest_route=%2Fwp%2Fv2%2Ftags&post=5226"}],"curies":[{"name":"wp","href":"https:\/\/api.w.org\/{rel}","templated":true}]}}