{"id":52261,"date":"2023-03-01T15:27:00","date_gmt":"2023-03-01T21:27:00","guid":{"rendered":"http:\/\/www.zonaroja.com.mx\/?p=52261"},"modified":"2023-03-01T20:21:54","modified_gmt":"2023-03-02T02:21:54","slug":"p2-13","status":"publish","type":"post","link":"https:\/\/zonaroja.com.mx\/?p=52261","title":{"rendered":"Por m\u00e1s de un a\u00f1o Salom\u00e9 Mart\u00ednez dirige Fuerza por M\u00e9xico, pese a ser violentadora"},"content":{"rendered":"\n<p>Yuridiana Sosa\/Zona Roja.<\/p>\n\n\n\n<p>Oaxaca de Ju\u00e1rez, Oax., a 1 de marzo de 2023.- A pesar que desde octubre de 2021 recibi\u00f3 sentencia por violencia pol\u00edtica por raz\u00f3n de g\u00e9nero, que la inhabilit\u00f3 por cuatro a\u00f1os, Salom\u00e9 Mart\u00ednez Salazar se sigue ostentando como presidenta del partido local Fuerza por M\u00e9xico.<\/p>\n\n\n\n<p>As\u00ed lo denunciaron tres secretarios del partido que este mi\u00e9rcoles se reinstalaron en sus funciones tras la sentencia de la Sala Regional Xalapa, del Tribunal Electoral del Poder Judicial de la Federaci\u00f3n, que reconoci\u00f3 que sus derechos pol\u00edticos electores hab\u00edan sido violentados; violencia que ejerci\u00f3 Mart\u00ednez Salazar.<\/p>\n\n\n\n<p>En conferencia de prensa, durante su visita por primera vez a las oficinas del partido en Oaxaca, los secretarios apuntaron que m\u00e1s all\u00e1 de las sentencias de los \u00f3rganos locales, esperan un encuentro con Salom\u00e9 Mart\u00ednez, quien se ausent\u00f3 de las instalaciones pese a previo aviso de la llegada de los secretarios.<\/p>\n\n\n\n<p>POR EXCLUSI\u00d3N<\/p>\n\n\n\n<p>Los secretarios general, de organizaci\u00f3n, y de elecciones fueron violentados en sus derechos pol\u00edticos electorales al ser excluidos durante el registro del partido de manera local, pese a ser parte del comit\u00e9, lo que los llev\u00f3 a un juicio que fall\u00f3 a su favor.<\/p>\n\n\n\n<p>La sentencia de Sala Xalapa, como lo fue en su primer momento la del Tribunal Estatal Electoral de Oaxaca, los acredita en sus puestos, de los cuales hab\u00edan sido removidos de manera ilegal por pugnas internas.<\/p>\n\n\n\n<figure class=\"wp-block-embed is-type-rich is-provider-twitter wp-block-embed-twitter\"><div class=\"wp-block-embed__wrapper\">\n<div class=\"twitter-tweet\"><blockquote class=\"twitter-tweet\" data-lang=\"es\"><p lang=\"es\" dir=\"ltr\"><a href=\"https:\/\/twitter.com\/hashtag\/ENVIVO?src=hash&amp;ref_src=twsrc%5Etfw\">#ENVIVO<\/a><br>Oaxaca de Ju\u00e1rez, Oax., 1 de marzo de 2023.- Conferencia en el Partido Fuerza por M\u00e9xico. Tres secretarios que hab\u00edan sido destituidos de manera irregular, regresan a sus cargos tras ganar juicios electorales.<br><br>Transmisi\u00f3n \ud83d\udc47<a href=\"https:\/\/t.co\/52yBkPz4At\">https:\/\/t.co\/52yBkPz4At<\/a> <a href=\"https:\/\/t.co\/TQ4qaKDr2E\">pic.twitter.com\/TQ4qaKDr2E<\/a><\/p>&mdash; Zona Roja Oaxaca (@ZonaRoja_Oaxaca) <a href=\"https:\/\/twitter.com\/ZonaRoja_Oaxaca\/status\/1631006128778739732?ref_src=twsrc%5Etfw\">1 de marzo de 2023<\/a><\/blockquote><\/div>\n<\/div><\/figure>\n\n\n\n<p>El secretario General, Azael Jacinto indic\u00f3 que independientemente de las sanciones que reciba la presidenta de Fuerza por M\u00e9xico Oaxaca por este caso, buscan una mesa de trabajo a fin de reforzar el partido rumbo al 2024.<\/p>\n\n\n\n<p>VIOLENCIA DE G\u00c9NERO<\/p>\n\n\n\n<p>La secretaria de organizaci\u00f3n, Ivette Castellanos, hizo hincapi\u00e9 en que por la violencia pol\u00edtica por raz\u00f3n de g\u00e9nero que recibi\u00f3 el partido no ha cumplido en su totalidad con la sentencia de la reparaci\u00f3n del da\u00f1o.<\/p>\n\n\n\n<p>La sentencia del TEEO, del expediente PES\/86\/2021, determin\u00f3 la inhabilitaci\u00f3n para ejercer cargos p\u00fablicos de Salom\u00e9 Mart\u00ednez, por cuatro a\u00f1os; ser inscrita \u2013como ya lo est\u00e1-en el \u201cRegistro de personas sancionadas en materia de violencia pol\u00edtica contra las mujeres en raz\u00f3n de g\u00e9nero\u201d, una amonestaci\u00f3n.<\/p>\n\n\n\n<p>As\u00ed como pedir disculpas p\u00fablicas y la remuneraci\u00f3n de salarios, que en ninguno de los dos casos se ha realizado y respecto al pago de salarios \u00e9ste estaba siendo cobrado por un var\u00f3n.<\/p>\n\n\n\n<p>Sobre este caso, ahora le corresponde al Comit\u00e9 Directivo y su Asamblea determinar el destino de Mart\u00ednez Salazar, basado en los estatutos del partido, el cual establece que no podr\u00e1n asumir cargos personas que hayan ejercido violencia por raz\u00f3n de g\u00e9nero, apuntaron los secretarios.&nbsp;&nbsp;<\/p>\n","protected":false},"excerpt":{"rendered":"<p>Yuridiana Sosa\/Zona Roja. Oaxaca de Ju\u00e1rez, Oax., a 1 de marzo de 2023.- A pesar&hellip;<\/p>\n","protected":false},"author":2,"featured_media":52266,"comment_status":"closed","ping_status":"open","sticky":false,"template":"","format":"standard","meta":{"_lmt_disableupdate":"","_lmt_disable":"","_jetpack_memberships_contains_paid_content":false,"footnotes":""},"categories":[109,47],"tags":[2368],"class_list":["post-52261","post","type-post","status-publish","format-standard","has-post-thumbnail","hentry","category-minuto-a-minuto","category-zona-gris","tag-fuerza-por-mexico"],"jetpack_featured_media_url":"https:\/\/zonaroja.com.mx\/wp-content\/uploads\/2023\/03\/Secretarios-Fuerza-por-Mexico.jpg","jetpack_sharing_enabled":true,"_links":{"self":[{"href":"https:\/\/zonaroja.com.mx\/index.php?rest_route=\/wp\/v2\/posts\/52261","targetHints":{"allow":["GET"]}}],"collection":[{"href":"https:\/\/zonaroja.com.mx\/index.php?rest_route=\/wp\/v2\/posts"}],"about":[{"href":"https:\/\/zonaroja.com.mx\/index.php?rest_route=\/wp\/v2\/types\/post"}],"author":[{"embeddable":true,"href":"https:\/\/zonaroja.com.mx\/index.php?rest_route=\/wp\/v2\/users\/2"}],"replies":[{"embeddable":true,"href":"https:\/\/zonaroja.com.mx\/index.php?rest_route=%2Fwp%2Fv2%2Fcomments&post=52261"}],"version-history":[{"count":2,"href":"https:\/\/zonaroja.com.mx\/index.php?rest_route=\/wp\/v2\/posts\/52261\/revisions"}],"predecessor-version":[{"id":52267,"href":"https:\/\/zonaroja.com.mx\/index.php?rest_route=\/wp\/v2\/posts\/52261\/revisions\/52267"}],"wp:featuredmedia":[{"embeddable":true,"href":"https:\/\/zonaroja.com.mx\/index.php?rest_route=\/wp\/v2\/media\/52266"}],"wp:attachment":[{"href":"https:\/\/zonaroja.com.mx\/index.php?rest_route=%2Fwp%2Fv2%2Fmedia&parent=52261"}],"wp:term":[{"taxonomy":"category","embeddable":true,"href":"https:\/\/zonaroja.com.mx\/index.php?rest_route=%2Fwp%2Fv2%2Fcategories&post=52261"},{"taxonomy":"post_tag","embeddable":true,"href":"https:\/\/zonaroja.com.mx\/index.php?rest_route=%2Fwp%2Fv2%2Ftags&post=52261"}],"curies":[{"name":"wp","href":"https:\/\/api.w.org\/{rel}","templated":true}]}}