{"id":52277,"date":"2023-03-02T09:30:00","date_gmt":"2023-03-02T15:30:00","guid":{"rendered":"http:\/\/www.zonaroja.com.mx\/?p=52277"},"modified":"2023-03-02T06:53:06","modified_gmt":"2023-03-02T12:53:06","slug":"derechos-humanos-de-la-onu-exige-aclarar-masacre-de-jovenes-en-tamaulipas","status":"publish","type":"post","link":"https:\/\/zonaroja.com.mx\/?p=52277","title":{"rendered":"Derechos Humanos de la ONU exige aclarar masacre de j\u00f3venes en Tamaulipas"},"content":{"rendered":"\n<p>Redacci\u00f3n\/Zona Roja Cdmx.<\/p>\n\n\n\n<p>Ciudad de M\u00e9xico, a 2 de marzo de 2023.- La Oficina en M\u00e9xico del Alto Comisionado de las Naciones Unidas para los Derechos Humanos (ONU-DH) pidi\u00f3 realizar una investigaci\u00f3n \u201cdiligente, pronta e imparcial\u201d sobre los asesinatos de cinco j\u00f3venes el pasado domingo en Nuevo Laredo, a manos del Ej\u00e9rcito mexicano.<\/p>\n\n\n\n<p>\u201cLa ONU-DH hace un llamado a las autoridades nacionales competentes a realizar una investigaci\u00f3n diligente, pronta e imparcial sobre los hechos violentos ocurridos el 26 de febrero, en la colonia Manuel Cavazos Lerma de Nuevo Laredo, Tamaulipas\u201d, precis\u00f3 el organismo en un comunicado.<\/p>\n\n\n\n<p>Record\u00f3 que en esos eventos fallecieron cinco personas y otra m\u00e1s result\u00f3 herida, \u201ccomo consecuencia del uso de la fuerza letal por parte de elementos de la Secretar\u00eda de la Defensa Nacional (Sedena)\u201d.<\/p>\n\n\n\n<p>Afirm\u00f3 que, de acuerdo con los est\u00e1ndares internacionales de derechos humanos, el empleo de las armas de fuego debe ser \u201cel \u00faltimo recurso\u201d, proporcional al objetivo leg\u00edtimo que se persigue, con pleno respeto y protecci\u00f3n de la vida humana.<\/p>\n\n\n\n<p>\u201cToda muerte relacionada con el uso de la fuerza por efectivos militares debe ser investigada de forma independiente por las autoridades civiles, las cuales deben contar con toda la informaci\u00f3n y colaboraci\u00f3n de las corporaciones concernidas\u201d, agreg\u00f3 el organismo.<\/p>\n\n\n\n<p>La ONU-DH se\u00f1al\u00f3 que la repetici\u00f3n de situaciones similares, a partir del accionar de las fuerzas militares en Nuevo Laredo durante los \u00faltimos a\u00f1os, \u201chace m\u00e1s patente la necesidad de llevar a cabo un an\u00e1lisis objetivo y minucioso de las circunstancias en las que se hace uso de la fuerza\u201d.<\/p>\n\n\n\n<p>En particular, enfatiz\u00f3, en las medidas que se deber\u00edan adoptar para prevenir graves violaciones a los derechos humanos, as\u00ed como para remover todos los obst\u00e1culos que enfrenta la procuraci\u00f3n de justicia para garantizar el enjuiciamiento y sanci\u00f3n de los responsables.<\/p>\n\n\n\n<p>El organismo, que expres\u00f3 sus condolencias con las familias de los j\u00f3venes que perdieron la vida, alert\u00f3 a las autoridades para que adoptaran con urgencia las medidas pertinentes para proteger y atender debidamente a los sobrevivientes y testigos, as\u00ed como a las personas defensoras de los derechos humanos y periodistas que han estado documentando lo ocurrido en un contexto de adversidad.<\/p>\n\n\n\n<p>La postura de la ONU-DH se da luego de que este mi\u00e9rcoles, el presidente mexicano, Andr\u00e9s Manuel L\u00f3pez Obrador, pidiera determinar el papel del Ej\u00e9rcito en la matanza de cinco j\u00f3venes en la fronteriza ciudad de Nuevo Laredo para que, en el caso de que sean responsables, \u201csean castigados\u201d.<\/p>\n\n\n\n<p>El abatimiento de estos j\u00f3venes ocurre en medio de las crecientes pol\u00edticas de militarizaci\u00f3n del presidente Andr\u00e9s Manuel L\u00f3pez Obrador, quien ha asignado a las Fuerzas Armadas tareas de seguridad p\u00fablica.<\/p>\n\n\n\n<p>El martes, el propio Ministerio de Defensa, la Secretar\u00eda de la Defensa Nacional (Sedena) explic\u00f3 que el accionar de los elementos del Ej\u00e9rcito mexicano se dio tras una persecuci\u00f3n y el sonar de \u201cun estruendo\u201d, al tiempo que detall\u00f3 que se abrieron carpetas de investigaci\u00f3n por autoridades de justicia civiles y militares.<\/p>\n\n\n\n<p>(Con informaci\u00f3n de EFE en L\u00f3pez-D\u00f3riga Digital)<\/p>\n","protected":false},"excerpt":{"rendered":"<p>Redacci\u00f3n\/Zona Roja Cdmx. Ciudad de M\u00e9xico, a 2 de marzo de 2023.- La Oficina en&hellip;<\/p>\n","protected":false},"author":2,"featured_media":52278,"comment_status":"closed","ping_status":"open","sticky":false,"template":"","format":"standard","meta":{"_lmt_disableupdate":"","_lmt_disable":"","_jetpack_memberships_contains_paid_content":false,"footnotes":""},"categories":[109,47],"tags":[2771],"class_list":["post-52277","post","type-post","status-publish","format-standard","has-post-thumbnail","hentry","category-minuto-a-minuto","category-zona-gris","tag-masacre-tamaulipas"],"jetpack_featured_media_url":"https:\/\/zonaroja.com.mx\/wp-content\/uploads\/2023\/03\/Matanza-Ejercito-Nuevo-Laredo.webp","jetpack_sharing_enabled":true,"_links":{"self":[{"href":"https:\/\/zonaroja.com.mx\/index.php?rest_route=\/wp\/v2\/posts\/52277","targetHints":{"allow":["GET"]}}],"collection":[{"href":"https:\/\/zonaroja.com.mx\/index.php?rest_route=\/wp\/v2\/posts"}],"about":[{"href":"https:\/\/zonaroja.com.mx\/index.php?rest_route=\/wp\/v2\/types\/post"}],"author":[{"embeddable":true,"href":"https:\/\/zonaroja.com.mx\/index.php?rest_route=\/wp\/v2\/users\/2"}],"replies":[{"embeddable":true,"href":"https:\/\/zonaroja.com.mx\/index.php?rest_route=%2Fwp%2Fv2%2Fcomments&post=52277"}],"version-history":[{"count":1,"href":"https:\/\/zonaroja.com.mx\/index.php?rest_route=\/wp\/v2\/posts\/52277\/revisions"}],"predecessor-version":[{"id":52279,"href":"https:\/\/zonaroja.com.mx\/index.php?rest_route=\/wp\/v2\/posts\/52277\/revisions\/52279"}],"wp:featuredmedia":[{"embeddable":true,"href":"https:\/\/zonaroja.com.mx\/index.php?rest_route=\/wp\/v2\/media\/52278"}],"wp:attachment":[{"href":"https:\/\/zonaroja.com.mx\/index.php?rest_route=%2Fwp%2Fv2%2Fmedia&parent=52277"}],"wp:term":[{"taxonomy":"category","embeddable":true,"href":"https:\/\/zonaroja.com.mx\/index.php?rest_route=%2Fwp%2Fv2%2Fcategories&post=52277"},{"taxonomy":"post_tag","embeddable":true,"href":"https:\/\/zonaroja.com.mx\/index.php?rest_route=%2Fwp%2Fv2%2Ftags&post=52277"}],"curies":[{"name":"wp","href":"https:\/\/api.w.org\/{rel}","templated":true}]}}