{"id":52280,"date":"2023-03-02T07:01:20","date_gmt":"2023-03-02T13:01:20","guid":{"rendered":"http:\/\/www.zonaroja.com.mx\/?p=52280"},"modified":"2023-03-02T07:01:22","modified_gmt":"2023-03-02T13:01:22","slug":"sismo-de-5-8-no-dejo-danos-dice-gobierno-no-sonaron-las-alarmas","status":"publish","type":"post","link":"https:\/\/zonaroja.com.mx\/?p=52280","title":{"rendered":"Sismo de 5.8 no dej\u00f3 da\u00f1os, dice gobierno; no sonaron las alarmas"},"content":{"rendered":"\n<p>Redacci\u00f3n\/Zona Roja.<\/p>\n\n\n\n<p>Oaxaca de Ju\u00e1rez, Oax., a 2 de marzo de 2023.- El gobierno de Oaxaca confirm\u00f3 que por el sismo registrado anoche con epicentro en el municipio de Uni\u00f3n Hidalgo, en la regi\u00f3n del Istmo, no hubo afectaciones.<\/p>\n\n\n\n<p>Sin embargo, pese a la magnitud del movimiento tel\u00farico, no se activaron las alarmas; la Coordinaci\u00f3n Estatal de Protecci\u00f3n Civil justific\u00f3 que fue \u201cdebido a la velocidad y profundidad con la que se present\u00f3 el temblor, adem\u00e1s de no sobrepasar el umbral de activaci\u00f3n\u201d.<\/p>\n\n\n\n<p>En un comunicado emitido esta ma\u00f1ana, la autoridad estatal indic\u00f3 que, tras el monitoreo realizado en las regiones del estado, no se reportaron afectaciones derivadas del sismo percibido a las 22:40 horas, de magnitud 5.8 y que tuvo epicentro en Uni\u00f3n Hidalgo, Oaxaca.<\/p>\n\n\n\n<p>Indic\u00f3 que, como lo instruy\u00f3 el Gobernador del Estado, Salom\u00f3n Jara Cruz, al momento de registrarse el sismo se activ\u00f3 el protocolo de verificaci\u00f3n para conocer posibles afectaciones, lo cual permiti\u00f3 descartar da\u00f1o alguno en las regiones de Oaxaca, e indic\u00f3 a la poblaci\u00f3n permanecer alertas ante las r\u00e9plicas.<\/p>\n\n\n\n<p>Con base en los reportes emitidos por el Departamento de An\u00e1lisis de Amenazas y Vulnerabilidades, as\u00ed como de las delegaciones regionales de Protecci\u00f3n Civil Estatal, la intensidad del movimiento fue de fuerte a leve, de acuerdo a la distancia con la regi\u00f3n epicentral, siendo el Istmo de Tehuantepec donde se percibi\u00f3 con mayor intensidad el sismo.<\/p>\n\n\n\n<p>Asimismo, \u201cel Sistema de Alertamiento S\u00edsmico de Oaxaca (SASO) no gener\u00f3 alertamiento p\u00fablico, debido a la velocidad y profundidad con la que se present\u00f3 el temblor, adem\u00e1s de no sobrepasar el umbral de activaci\u00f3n, e indicaron que este se encuentra funcionando adecuadamente\u201d.<\/p>\n\n\n\n<p>Detall\u00f3 que no se presentaron afectaciones en la presa \u201cBenito Ju\u00e1rez\u201d de Jalapa del Marqu\u00e9s, ni en las instalaciones de la Refiner\u00eda \u201cIng. Antonio Doval\u00ed Jaime\u201d de Pemex, ubicada en Salina Cruz, por lo cual no exist\u00eda riesgo de alguna emergencia o desastre que pusiera en peligro la vida de los habitantes de la zona. Por su parte, la Comisi\u00f3n Federal de Electricidad (CFE) no report\u00f3 alguna suspensi\u00f3n de la energ\u00eda el\u00e9ctrica en las regiones donde fue percibido el temblor.<\/p>\n\n\n\n<p>Con base en informaci\u00f3n del Servicio Sismol\u00f3gico Nacional (SSN), el movimiento registr\u00f3 una magnitud final de 5.8, con regi\u00f3n epicentral a 47 kil\u00f3metros al sureste de Uni\u00f3n Hidalgo, Oaxaca. Su hora de registro fue a las 22:40:43 del tiempo del centro de M\u00e9xico, con una latitud y longitud de 16.17\u00b0 y -94.53\u00b0, respectivamente, y su profundidad fue de 98.4 kil\u00f3metros.<\/p>\n","protected":false},"excerpt":{"rendered":"<p>Redacci\u00f3n\/Zona Roja. Oaxaca de Ju\u00e1rez, Oax., a 2 de marzo de 2023.- El gobierno de&hellip;<\/p>\n","protected":false},"author":2,"featured_media":52281,"comment_status":"closed","ping_status":"open","sticky":false,"template":"","format":"standard","meta":{"_lmt_disableupdate":"","_lmt_disable":"","_jetpack_memberships_contains_paid_content":false,"footnotes":""},"categories":[109,47],"tags":[1054],"class_list":["post-52280","post","type-post","status-publish","format-standard","has-post-thumbnail","hentry","category-minuto-a-minuto","category-zona-gris","tag-sismos-oaxaca"],"jetpack_featured_media_url":"https:\/\/zonaroja.com.mx\/wp-content\/uploads\/2023\/03\/IMAGEN-1-Sin-afectaciones-en-el-estado-por-sismo-de-5.8-con-epicentro-en-Union-Hidalgo-Oaxaca.jpeg","jetpack_sharing_enabled":true,"_links":{"self":[{"href":"https:\/\/zonaroja.com.mx\/index.php?rest_route=\/wp\/v2\/posts\/52280","targetHints":{"allow":["GET"]}}],"collection":[{"href":"https:\/\/zonaroja.com.mx\/index.php?rest_route=\/wp\/v2\/posts"}],"about":[{"href":"https:\/\/zonaroja.com.mx\/index.php?rest_route=\/wp\/v2\/types\/post"}],"author":[{"embeddable":true,"href":"https:\/\/zonaroja.com.mx\/index.php?rest_route=\/wp\/v2\/users\/2"}],"replies":[{"embeddable":true,"href":"https:\/\/zonaroja.com.mx\/index.php?rest_route=%2Fwp%2Fv2%2Fcomments&post=52280"}],"version-history":[{"count":1,"href":"https:\/\/zonaroja.com.mx\/index.php?rest_route=\/wp\/v2\/posts\/52280\/revisions"}],"predecessor-version":[{"id":52282,"href":"https:\/\/zonaroja.com.mx\/index.php?rest_route=\/wp\/v2\/posts\/52280\/revisions\/52282"}],"wp:featuredmedia":[{"embeddable":true,"href":"https:\/\/zonaroja.com.mx\/index.php?rest_route=\/wp\/v2\/media\/52281"}],"wp:attachment":[{"href":"https:\/\/zonaroja.com.mx\/index.php?rest_route=%2Fwp%2Fv2%2Fmedia&parent=52280"}],"wp:term":[{"taxonomy":"category","embeddable":true,"href":"https:\/\/zonaroja.com.mx\/index.php?rest_route=%2Fwp%2Fv2%2Fcategories&post=52280"},{"taxonomy":"post_tag","embeddable":true,"href":"https:\/\/zonaroja.com.mx\/index.php?rest_route=%2Fwp%2Fv2%2Ftags&post=52280"}],"curies":[{"name":"wp","href":"https:\/\/api.w.org\/{rel}","templated":true}]}}