{"id":52283,"date":"2023-03-02T07:28:01","date_gmt":"2023-03-02T13:28:01","guid":{"rendered":"http:\/\/www.zonaroja.com.mx\/?p=52283"},"modified":"2023-03-02T07:28:04","modified_gmt":"2023-03-02T13:28:04","slug":"tras-golpes-y-gas-lacrimogeno-atiende-gobierno-a-santiago-xiacui","status":"publish","type":"post","link":"https:\/\/zonaroja.com.mx\/?p=52283","title":{"rendered":"Tras golpes y gas lacrim\u00f3geno, atiende gobierno a Santiago Xiacu\u00ed"},"content":{"rendered":"\n<p>Ismael Garc\u00eda M.\/Zona Roja.<\/p>\n\n\n\n<p>Oaxaca de Ju\u00e1rez, Oax., a 2 de marzo de 2023.- En medio de contradicciones y tras agredirlos a golpes y con gas lacrim\u00f3geno, el gobierno de Oaxaca inform\u00f3 que el conflicto con un grupo de pobladores de Santiago Xiacu\u00ed.<\/p>\n\n\n\n<p>Ayer, en por lo menos tres comunicados, la Secretar\u00eda de Gobierno que encabeza Jes\u00fas Romero L\u00f3pez acus\u00f3 al grupo de inconformes de exigir dinero que no se les puede entregar; adem\u00e1s, de haber retenido a unas 300 personas en el Palacio de Gobierno.<\/p>\n\n\n\n<p>Asimismo, el funcionario estatal \u2014ligado con los ex gobernadores Ulises Ruiz Ortiz y Jos\u00e9 Murat\u2014 acus\u00f3 que los manifestantes \u201cse niegan a dialogar y liberar a trabajadores del gobierno estatal que se encuentran en Palacio de Gob (sic) se\u00f1alamos que los mecanismos de presi\u00f3n que pongan en riesgo o limiten la movilidad de la base laboral no ser\u00e1n permitidos\u201d.<\/p>\n\n\n\n<p>En sus redes sociales, Jes\u00fas Romero justific\u00f3:<\/p>\n\n\n\n<p>\u201cLa protesta de un grupo de Xiacui en palacio de gobierno obedece a la exigencia de recursos fuera del marco de la ley. El @GobOax y la&nbsp;<\/p>\n\n\n\n<p>@SEGO_Oax no entregar\u00e1n recursos a grupos pol\u00edticos o de presi\u00f3n por encima de las asambleas comunitarias y de los preceptos de ley\u201d.<\/p>\n\n\n\n<p>\u201cInformo que la medida implementada por la @SSPC_GobOax en palacio de Gob. tuvo el objetivo de liberar el acceso de Flores Mag\u00f3n con el fin de\u00a0 que m\u00e1s de 300 personas de base, confianza, as\u00ed como autoridades municipales y ciudadanos pudieran salir de las instalaciones\u201d.<\/p>\n\n\n\n<figure class=\"wp-block-embed is-type-rich is-provider-twitter wp-block-embed-twitter\"><div class=\"wp-block-embed__wrapper\">\n<div class=\"twitter-tweet\"><blockquote class=\"twitter-tweet\" data-lang=\"es\"><p lang=\"es\" dir=\"ltr\">Convocamos de nueva cuenta a los manifestantes de Xiacui a respetar la legalidad.<\/p>&mdash; Jes\u00fas Romero (El Mero Mero) (@jesusromerooax) <a href=\"https:\/\/twitter.com\/jesusromerooax\/status\/1630993035361406976?ref_src=twsrc%5Etfw\">1 de marzo de 2023<\/a><\/blockquote><\/div>\n<\/div><\/figure>\n\n\n\n<p>Ello pese a que eran alrededor de las 13:30 horas y a\u00fan no era la hora de salida de los trabajadores; tampoco hubo 300 personas en el recinto, pues no se registraron actos masivos.<\/p>\n\n\n\n<p>Anoche, en un comunicado de prensa, el Gobierno del Estado inform\u00f3 que \u201cse solucion\u00f3 el conflicto de un grupo de pobladores de Santiago Xiacu\u00ed que llegaron por la ma\u00f1ana al Palacio de Gobierno.<\/p>\n\n\n\n<p>Inform\u00f3 \u201cque se instal\u00f3 una mesa de di\u00e1logo en la que se atendieron los planteamientos de las y los pobladores que se centraban en la demanda de transparencia del presupuesto de la comunidad de parte del Comisionado Municipal.<\/p>\n\n\n\n<p>Explic\u00f3 \u201cque la petici\u00f3n, aclaraci\u00f3n y rendici\u00f3n de cuentas por parte del Comisionado se realiz\u00f3 de manera clara y transparente, y se determin\u00f3 que no hay mal uso del recurso econ\u00f3mico p\u00fablico, mismo que se ha distribuido a las agencias.<\/p>\n\n\n\n<p>En lo concerniente a la cabecera municipal, \u201cse aclar\u00f3 que la autoridad es comunitaria, es electa por una asamblea y no tiene un reconocimiento legal hasta el momento. Sin embargo \u2013dijo- hay disposici\u00f3n de encontrar un mecanismo jur\u00eddico para entregarles los recursos que por Ley les corresponden\u201d.<\/p>\n\n\n\n<p>El comunicado agreg\u00f3 que en la mesa de di\u00e1logo se abord\u00f3 el tema de la confrontaci\u00f3n entre el grupo de manifestantes y elementos de seguridad p\u00fablica, luego de que se impidiera la salida del Palacio de Gobierno a un grupo de trabajadores del Gobierno del Estado de Oaxaca.<\/p>\n\n\n\n<p>\u201cQued\u00f3 claro que fue una falta de coordinaci\u00f3n entre ellos y reconocieron que estas pr\u00e1cticas y formas no son las mejores. Sin embargo, se qued\u00f3 en buenos t\u00e9rminos y superado el tema que se dio al mediod\u00eda de este mi\u00e9rcoles\u201d, detall\u00f3.<\/p>\n","protected":false},"excerpt":{"rendered":"<p>Ismael Garc\u00eda M.\/Zona Roja. Oaxaca de Ju\u00e1rez, Oax., a 2 de marzo de 2023.- En&hellip;<\/p>\n","protected":false},"author":2,"featured_media":52284,"comment_status":"closed","ping_status":"open","sticky":false,"template":"","format":"standard","meta":{"_lmt_disableupdate":"","_lmt_disable":"","_jetpack_memberships_contains_paid_content":false,"footnotes":""},"categories":[109,47],"tags":[3450],"class_list":["post-52283","post","type-post","status-publish","format-standard","has-post-thumbnail","hentry","category-minuto-a-minuto","category-zona-gris","tag-santiago-xiacui"],"jetpack_featured_media_url":"https:\/\/zonaroja.com.mx\/wp-content\/uploads\/2023\/03\/Desalojo-Xiacui-gobierno-Oaxaca.jpg","jetpack_sharing_enabled":true,"_links":{"self":[{"href":"https:\/\/zonaroja.com.mx\/index.php?rest_route=\/wp\/v2\/posts\/52283","targetHints":{"allow":["GET"]}}],"collection":[{"href":"https:\/\/zonaroja.com.mx\/index.php?rest_route=\/wp\/v2\/posts"}],"about":[{"href":"https:\/\/zonaroja.com.mx\/index.php?rest_route=\/wp\/v2\/types\/post"}],"author":[{"embeddable":true,"href":"https:\/\/zonaroja.com.mx\/index.php?rest_route=\/wp\/v2\/users\/2"}],"replies":[{"embeddable":true,"href":"https:\/\/zonaroja.com.mx\/index.php?rest_route=%2Fwp%2Fv2%2Fcomments&post=52283"}],"version-history":[{"count":1,"href":"https:\/\/zonaroja.com.mx\/index.php?rest_route=\/wp\/v2\/posts\/52283\/revisions"}],"predecessor-version":[{"id":52285,"href":"https:\/\/zonaroja.com.mx\/index.php?rest_route=\/wp\/v2\/posts\/52283\/revisions\/52285"}],"wp:featuredmedia":[{"embeddable":true,"href":"https:\/\/zonaroja.com.mx\/index.php?rest_route=\/wp\/v2\/media\/52284"}],"wp:attachment":[{"href":"https:\/\/zonaroja.com.mx\/index.php?rest_route=%2Fwp%2Fv2%2Fmedia&parent=52283"}],"wp:term":[{"taxonomy":"category","embeddable":true,"href":"https:\/\/zonaroja.com.mx\/index.php?rest_route=%2Fwp%2Fv2%2Fcategories&post=52283"},{"taxonomy":"post_tag","embeddable":true,"href":"https:\/\/zonaroja.com.mx\/index.php?rest_route=%2Fwp%2Fv2%2Ftags&post=52283"}],"curies":[{"name":"wp","href":"https:\/\/api.w.org\/{rel}","templated":true}]}}