{"id":52286,"date":"2023-03-02T07:55:10","date_gmt":"2023-03-02T13:55:10","guid":{"rendered":"http:\/\/www.zonaroja.com.mx\/?p=52286"},"modified":"2023-03-02T07:55:12","modified_gmt":"2023-03-02T13:55:12","slug":"asesinan-con-arma-blanca-a-un-joven-en-la-ciudad-de-oaxaca","status":"publish","type":"post","link":"https:\/\/zonaroja.com.mx\/?p=52286","title":{"rendered":"Asesinan con arma blanca a un joven en la ciudad de Oaxaca"},"content":{"rendered":"\n<p>Redacci\u00f3n\/Zona Roja.<\/p>\n\n\n\n<p>Oaxaca de Ju\u00e1rez, Oax., a 2 de marzo de 2023.- Un joven de aproximadamente 21 a\u00f1os de edad fue atacado con arma blanca en jurisdicci\u00f3n de la ciudad de Oaxaca y muri\u00f3 la madrugada de hoy en un nosocomio.<\/p>\n\n\n\n<p>La agresi\u00f3n ocurri\u00f3 anoche en un bar ubicado en la agencia municipal de Cinco Se\u00f1ores, adjunto al \u00e1rea de Ciudad Universitaria de la UABJO, cuando un sujeto desconocido atac\u00f3 a Fernando \u201cN\u201d.<\/p>\n\n\n\n<p>Param\u00e9dicos arribaron al sitio a auxiliarlo y lo trasladaron al Hospital General \u201cDr. Aurelio Valdivieso\u201d, donde las primeras horas de hoy perdi\u00f3 la vida.<\/p>\n\n\n\n<p>Hasta el momento las autoridades municipales no reportan detenci\u00f3n de personas por este caso, en tanto que la Fiscal\u00eda General del Estado de Oaxaca inici\u00f3 la indagatoria correspondiente.<\/p>\n","protected":false},"excerpt":{"rendered":"<p>Redacci\u00f3n\/Zona Roja. Oaxaca de Ju\u00e1rez, Oax., a 2 de marzo de 2023.- Un joven de&hellip;<\/p>\n","protected":false},"author":2,"featured_media":52288,"comment_status":"closed","ping_status":"open","sticky":false,"template":"","format":"standard","meta":{"_lmt_disableupdate":"","_lmt_disable":"","_jetpack_memberships_contains_paid_content":false,"footnotes":""},"categories":[109,51],"tags":[148],"class_list":["post-52286","post","type-post","status-publish","format-standard","has-post-thumbnail","hentry","category-minuto-a-minuto","category-zona-roja","tag-oaxaca-de-juarez"],"jetpack_featured_media_url":"https:\/\/zonaroja.com.mx\/wp-content\/uploads\/2023\/03\/Violencia-escena-cuchillo-arma-blanca-atacado.jpeg","jetpack_sharing_enabled":true,"_links":{"self":[{"href":"https:\/\/zonaroja.com.mx\/index.php?rest_route=\/wp\/v2\/posts\/52286","targetHints":{"allow":["GET"]}}],"collection":[{"href":"https:\/\/zonaroja.com.mx\/index.php?rest_route=\/wp\/v2\/posts"}],"about":[{"href":"https:\/\/zonaroja.com.mx\/index.php?rest_route=\/wp\/v2\/types\/post"}],"author":[{"embeddable":true,"href":"https:\/\/zonaroja.com.mx\/index.php?rest_route=\/wp\/v2\/users\/2"}],"replies":[{"embeddable":true,"href":"https:\/\/zonaroja.com.mx\/index.php?rest_route=%2Fwp%2Fv2%2Fcomments&post=52286"}],"version-history":[{"count":1,"href":"https:\/\/zonaroja.com.mx\/index.php?rest_route=\/wp\/v2\/posts\/52286\/revisions"}],"predecessor-version":[{"id":52289,"href":"https:\/\/zonaroja.com.mx\/index.php?rest_route=\/wp\/v2\/posts\/52286\/revisions\/52289"}],"wp:featuredmedia":[{"embeddable":true,"href":"https:\/\/zonaroja.com.mx\/index.php?rest_route=\/wp\/v2\/media\/52288"}],"wp:attachment":[{"href":"https:\/\/zonaroja.com.mx\/index.php?rest_route=%2Fwp%2Fv2%2Fmedia&parent=52286"}],"wp:term":[{"taxonomy":"category","embeddable":true,"href":"https:\/\/zonaroja.com.mx\/index.php?rest_route=%2Fwp%2Fv2%2Fcategories&post=52286"},{"taxonomy":"post_tag","embeddable":true,"href":"https:\/\/zonaroja.com.mx\/index.php?rest_route=%2Fwp%2Fv2%2Ftags&post=52286"}],"curies":[{"name":"wp","href":"https:\/\/api.w.org\/{rel}","templated":true}]}}