{"id":52308,"date":"2023-03-02T20:33:58","date_gmt":"2023-03-03T02:33:58","guid":{"rendered":"http:\/\/www.zonaroja.com.mx\/?p=52308"},"modified":"2023-03-02T20:34:00","modified_gmt":"2023-03-03T02:34:00","slug":"llaman-diputados-a-a-priorizar-el-dialogo-pero-actuar-con-firmeza","status":"publish","type":"post","link":"https:\/\/zonaroja.com.mx\/?p=52308","title":{"rendered":"Llaman diputados a a priorizar el di\u00e1logo, pero actuar con firmeza"},"content":{"rendered":"\n<p>Yuridiana Sosa\/Zona Roja.<\/p>\n\n\n\n<p>Oaxaca de Ju\u00e1rez, OAx., a 2 de marzo de 2023.- Frente a la protesta de cualquier grupo, diputados locales de Morena coincidieron en el Gobierno del Estado debe priorizar el di\u00e1logo antes de hacer uso de la fuerza p\u00fablica contra los manifestantes, as\u00ed como llamaron a los inconformes a la cordura para no afectar a terceros.<\/p>\n\n\n\n<p>El presidente de la Junta de Coordinaci\u00f3n Pol\u00edtica del Congreso del Estado de Oaxaca, Luis Alfonso Silva Romo, expuso los diferentes puntos que se deben valorar ante a una manifestaci\u00f3n de cualquier \u00edndole, entre los que prioriza respetar el derecho de terceros.<\/p>\n\n\n\n<p>Se refiri\u00f3 principalmente al desalojo con el uso de la fuerza policial contra los habitantes de Santiago Xiacu\u00ed, de la Sierra Ju\u00e1rez este 1 de marzo, tras el bloqueo de calle y la \u201ctoma\u201d del Palacio de Gobierno.<\/p>\n\n\n\n<p>\u201cHay que valorar el derecho al libre tr\u00e1nsito, hab\u00eda personas retenidas, madres y ni\u00f1os, en Palacio de Gobierno, cuando es imperativo salvaguardar la salud y el bienestar de las personas hay que actuar con di\u00e1logo, pero tambi\u00e9n con firmeza\u201d, se\u00f1al\u00f3 el diputado durante entrevista.<\/p>\n\n\n\n<figure class=\"wp-block-embed is-type-rich is-provider-twitter wp-block-embed-twitter\"><div class=\"wp-block-embed__wrapper\">\n<div class=\"twitter-tweet\"><blockquote class=\"twitter-tweet\" data-lang=\"es\"><p lang=\"es\" dir=\"ltr\">\u201cHay que actuar con di\u00e1logo pero tambi\u00e9n con firmeza\u201d, opin\u00f3 hoy el presidente de la Junta de Coordinaci\u00f3n Pol\u00edtica del <a href=\"https:\/\/twitter.com\/CongresoOaxaca_?ref_src=twsrc%5Etfw\">@CongresoOaxaca_<\/a>, <a href=\"https:\/\/twitter.com\/LUISALFONSOSR?ref_src=twsrc%5Etfw\">@luisalfonsosr<\/a>, respecto del desalojo policiaco de pobladores de Santiago Xiacu\u00ed. <a href=\"https:\/\/t.co\/usRhFPtrSJ\">pic.twitter.com\/usRhFPtrSJ<\/a><\/p>&mdash; Zona Roja Oaxaca (@ZonaRoja_Oaxaca) <a href=\"https:\/\/twitter.com\/ZonaRoja_Oaxaca\/status\/1631153995841523712?ref_src=twsrc%5Etfw\">2 de marzo de 2023<\/a><\/blockquote><\/div>\n<\/div><\/figure>\n\n\n\n<p>El legislador apunt\u00f3 que, como diputados de Morena, en una gran mayor\u00eda, est\u00e1n a favor de la ley, el orden, armon\u00eda social, priorizando los derechos y valores.<\/p>\n\n\n\n<p>A su vez, durante sesi\u00f3n ordinaria del Congreso de este mi\u00e9rcoles, la diputada de Morena, Melina Hern\u00e1ndez reproch\u00f3 la decisi\u00f3n del gobierno estatal contra los pobladores de Santiago Xiacu\u00ed, de la Sierra Ju\u00e1rez.<\/p>\n\n\n\n<p>Desde tribuna, la diputada por el distrito de Ixtl\u00e1n, se\u00f1al\u00f3 que el fin no justifica los medios, cuando se debe priorizar el di\u00e1logo y record\u00f3 que uno de los ideales del Presidente de M\u00e9xico es \u201cno usar la violencia en ninguna de las causas\u201d.<\/p>\n\n\n\n<p>\u201cQuisiera decirle de manera respetuosa a nuestro gobernador que priorice el di\u00e1logo en estas comunidades y tambi\u00e9n decirles a los ciudadanos de Santiago, que no son las formas, que primero debe haber di\u00e1logo interno entre sus comunidades, con el comisionado, hay escalones y despu\u00e9s llegar a la manifestaci\u00f3n\u201d, dijo, aunque insisti\u00f3 en que no se debi\u00f3 actuar como se hizo.<\/p>\n\n\n\n<figure class=\"wp-block-embed is-type-rich is-provider-twitter wp-block-embed-twitter\"><div class=\"wp-block-embed__wrapper\">\n<div class=\"twitter-tweet\"><blockquote class=\"twitter-tweet\" data-lang=\"es\"><p lang=\"es\" dir=\"ltr\">Tras la represi\u00f3n contra pobladores de Santiago Xiacu\u00ed, la diputada de Morena, <a href=\"https:\/\/twitter.com\/MelyHernandez4T?ref_src=twsrc%5Etfw\">@MelyHernandez4T<\/a>, reproch\u00f3 el uso de la fuerza p\u00fablica por parte de la <a href=\"https:\/\/twitter.com\/SEGO_Oax?ref_src=twsrc%5Etfw\">@SEGO_Oax<\/a>; \u201cno debieron actuar as\u00ed\u2026 el fin no justifica los medios,creo que es importante que se priorice el di\u00e1logo\u201d, dijo ayer. <a href=\"https:\/\/t.co\/KXd8fzSrrS\">pic.twitter.com\/KXd8fzSrrS<\/a><\/p>&mdash; Zona Roja Oaxaca (@ZonaRoja_Oaxaca) <a href=\"https:\/\/twitter.com\/ZonaRoja_Oaxaca\/status\/1631339092628869120?ref_src=twsrc%5Etfw\">2 de marzo de 2023<\/a><\/blockquote><\/div>\n<\/div><\/figure>\n","protected":false},"excerpt":{"rendered":"<p>Yuridiana Sosa\/Zona Roja. Oaxaca de Ju\u00e1rez, OAx., a 2 de marzo de 2023.- Frente a&hellip;<\/p>\n","protected":false},"author":2,"featured_media":52310,"comment_status":"closed","ping_status":"open","sticky":false,"template":"","format":"standard","meta":{"_lmt_disableupdate":"","_lmt_disable":"","_jetpack_memberships_contains_paid_content":false,"footnotes":""},"categories":[109,46],"tags":[2743,2721],"class_list":["post-52308","post","type-post","status-publish","format-standard","has-post-thumbnail","hentry","category-minuto-a-minuto","category-zona-blanca","tag-65-legislatura-del-estado-de-oaxaca","tag-luis-alfonso-silva-romo"],"jetpack_featured_media_url":"https:\/\/zonaroja.com.mx\/wp-content\/uploads\/2023\/03\/Luis-Alfonso-Silva-Romo.jpg","jetpack_sharing_enabled":true,"_links":{"self":[{"href":"https:\/\/zonaroja.com.mx\/index.php?rest_route=\/wp\/v2\/posts\/52308","targetHints":{"allow":["GET"]}}],"collection":[{"href":"https:\/\/zonaroja.com.mx\/index.php?rest_route=\/wp\/v2\/posts"}],"about":[{"href":"https:\/\/zonaroja.com.mx\/index.php?rest_route=\/wp\/v2\/types\/post"}],"author":[{"embeddable":true,"href":"https:\/\/zonaroja.com.mx\/index.php?rest_route=\/wp\/v2\/users\/2"}],"replies":[{"embeddable":true,"href":"https:\/\/zonaroja.com.mx\/index.php?rest_route=%2Fwp%2Fv2%2Fcomments&post=52308"}],"version-history":[{"count":1,"href":"https:\/\/zonaroja.com.mx\/index.php?rest_route=\/wp\/v2\/posts\/52308\/revisions"}],"predecessor-version":[{"id":52311,"href":"https:\/\/zonaroja.com.mx\/index.php?rest_route=\/wp\/v2\/posts\/52308\/revisions\/52311"}],"wp:featuredmedia":[{"embeddable":true,"href":"https:\/\/zonaroja.com.mx\/index.php?rest_route=\/wp\/v2\/media\/52310"}],"wp:attachment":[{"href":"https:\/\/zonaroja.com.mx\/index.php?rest_route=%2Fwp%2Fv2%2Fmedia&parent=52308"}],"wp:term":[{"taxonomy":"category","embeddable":true,"href":"https:\/\/zonaroja.com.mx\/index.php?rest_route=%2Fwp%2Fv2%2Fcategories&post=52308"},{"taxonomy":"post_tag","embeddable":true,"href":"https:\/\/zonaroja.com.mx\/index.php?rest_route=%2Fwp%2Fv2%2Ftags&post=52308"}],"curies":[{"name":"wp","href":"https:\/\/api.w.org\/{rel}","templated":true}]}}