{"id":52314,"date":"2023-03-02T21:58:12","date_gmt":"2023-03-03T03:58:12","guid":{"rendered":"http:\/\/www.zonaroja.com.mx\/?p=52314"},"modified":"2023-03-02T21:58:14","modified_gmt":"2023-03-03T03:58:14","slug":"molesta-a-agencia-de-xiacui-designacion-de-nuevo-comisionado-protestaran-el-21-de-marzo","status":"publish","type":"post","link":"https:\/\/zonaroja.com.mx\/?p=52314","title":{"rendered":"Molesta a agencia de Xiacu\u00ed designaci\u00f3n de nuevo comisionado; protestar\u00e1n el 21 de marzo"},"content":{"rendered":"\n<p>Redacci\u00f3n\/Zona Roja.<\/p>\n\n\n\n<p>Oaxaca de Ju\u00e1rez, Oax., a 2 de marzo de 2023.- La autoridad auxiliar de La Trinidad, agencia de Santiago Xiacu\u00ed, expres\u00f3 su rechazo a la designaci\u00f3n de un nuevo comisionado, por estar ligado al consejo comunitario del municipio, y amag\u00f3 con protestar el pr\u00f3ximo 21 de marzo en Guelatao.<\/p>\n\n\n\n<p>En conferencia de prensa la tarde de hoy frente al Palacio de Gobierno de la ciudad de Oaxaca, demandaron tambi\u00e9n ser escuchados por el gobernador Salom\u00f3n Jara Cruz para exponer sus inconformidades respecto a la determinaci\u00f3n que tom\u00f3 anoche la Secretar\u00eda de Gobierno.<\/p>\n\n\n\n<p>Y es que para culminar el conflicto con ciudadanos de Xiacu\u00ed, que ayer protestaron y fueron desalojados con violencia por la polic\u00eda, la dependencia que encabeza Jes\u00fas romero L\u00f3pez nombr\u00f3 a Maurilio M\u00e9ndez como comisionado, en sustituci\u00f3n de Waldo Ram\u00edrez.<\/p>\n\n\n\n<p>Josu\u00e9 Ch\u00e1vez Santiago, agente municipal de La Trinidad, se\u00f1al\u00f3 que a la comunidad la integran la cabecera y sus agencias, por lo que la decisi\u00f3n que se tom\u00f3 con el nuevo comisionado es arbitraria, al no haberlos tomado en cuenta, situaci\u00f3n que empeora el ambiente pol\u00edtico de la zona.<\/p>\n\n\n\n<p>\u201cQue le quede claro al Gobierno del Estado que no venimos a pedir dinero ni espacios pol\u00edticos, queremos que nos tome en cuenta como agencia municipal, ya que el comisionado es de la cabecera de Xiacu\u00ed y esto agrava los problemas de por s\u00ed ya dif\u00edciles\u201d.<\/p>\n\n\n\n<p>\u201cWaldo Ram\u00edrez era un comisionado externo que no ten\u00eda preferencias ni intereses personales y lo quitan de la noche a la ma\u00f1ana\u201d, sostuvo la autoridad auxiliar, al insistir en una nueva mesa de di\u00e1logo con todas las partes involucradas, as\u00ed como la realizaci\u00f3n de elecciones extraordinarias.<\/p>\n\n\n\n<p>Record\u00f3 que en el 2020, la Sala Xalapa dictamin\u00f3 que el Gobierno del Estado deber\u00eda nombrar un Consejo Municipal para realizar unas elecciones extraordinarias, sin embargo, a tres a\u00f1os de esa resoluci\u00f3n \u00e9sta no se ha cumplido y no se ha podido elegir a una nueva autoridad.<\/p>\n\n\n\n<p>\u201cAqu\u00ed estaremos hasta recibir una respuesta favorable, una soluci\u00f3n a este problema. Aqu\u00ed permaneceremos hasta el 21 de marzo en que arribe a Guelatao el presidente L\u00f3pez Obrador, lo esperamos\u201d, dijo.<\/p>\n\n\n\n<figure class=\"wp-block-embed is-type-rich is-provider-twitter wp-block-embed-twitter\"><div class=\"wp-block-embed__wrapper\">\n<div class=\"twitter-tweet\"><blockquote class=\"twitter-tweet\" data-lang=\"es\"><p lang=\"es\" dir=\"ltr\"><a href=\"https:\/\/twitter.com\/hashtag\/ENVIVO?src=hash&amp;ref_src=twsrc%5Etfw\">#ENVIVO<\/a><br>Conferencia de prensa de habitantes de La Trinidad, que acusan al <a href=\"https:\/\/twitter.com\/GobOax?ref_src=twsrc%5Etfw\">@GobOax<\/a> <a href=\"https:\/\/twitter.com\/SEGO_Oax?ref_src=twsrc%5Etfw\">@SEGO_Oax<\/a> de designar ayer como comisionado a un integrante de la autoridad comunitaria de Santiago Xiacu\u00ed; amagan con protestar el 21 de marzo en Guelatao.<br>\ud83d\udc47<a href=\"https:\/\/t.co\/SfEybkpf8c\">https:\/\/t.co\/SfEybkpf8c<\/a> <a href=\"https:\/\/t.co\/04sKf1wkNx\">pic.twitter.com\/04sKf1wkNx<\/a><\/p>&mdash; Zona Roja Oaxaca (@ZonaRoja_Oaxaca) <a href=\"https:\/\/twitter.com\/ZonaRoja_Oaxaca\/status\/1631374710780096512?ref_src=twsrc%5Etfw\">2 de marzo de 2023<\/a><\/blockquote><\/div>\n<\/div><\/figure>\n","protected":false},"excerpt":{"rendered":"<p>Redacci\u00f3n\/Zona Roja. Oaxaca de Ju\u00e1rez, Oax., a 2 de marzo de 2023.- La autoridad auxiliar&hellip;<\/p>\n","protected":false},"author":2,"featured_media":52315,"comment_status":"closed","ping_status":"open","sticky":false,"template":"","format":"standard","meta":{"_lmt_disableupdate":"","_lmt_disable":"","_jetpack_memberships_contains_paid_content":false,"footnotes":""},"categories":[109,47],"tags":[3450],"class_list":["post-52314","post","type-post","status-publish","format-standard","has-post-thumbnail","hentry","category-minuto-a-minuto","category-zona-gris","tag-santiago-xiacui"],"jetpack_featured_media_url":"https:\/\/zonaroja.com.mx\/wp-content\/uploads\/2023\/03\/Protesta-La-Trinidad-Xiacui.jpg","jetpack_sharing_enabled":true,"_links":{"self":[{"href":"https:\/\/zonaroja.com.mx\/index.php?rest_route=\/wp\/v2\/posts\/52314","targetHints":{"allow":["GET"]}}],"collection":[{"href":"https:\/\/zonaroja.com.mx\/index.php?rest_route=\/wp\/v2\/posts"}],"about":[{"href":"https:\/\/zonaroja.com.mx\/index.php?rest_route=\/wp\/v2\/types\/post"}],"author":[{"embeddable":true,"href":"https:\/\/zonaroja.com.mx\/index.php?rest_route=\/wp\/v2\/users\/2"}],"replies":[{"embeddable":true,"href":"https:\/\/zonaroja.com.mx\/index.php?rest_route=%2Fwp%2Fv2%2Fcomments&post=52314"}],"version-history":[{"count":1,"href":"https:\/\/zonaroja.com.mx\/index.php?rest_route=\/wp\/v2\/posts\/52314\/revisions"}],"predecessor-version":[{"id":52316,"href":"https:\/\/zonaroja.com.mx\/index.php?rest_route=\/wp\/v2\/posts\/52314\/revisions\/52316"}],"wp:featuredmedia":[{"embeddable":true,"href":"https:\/\/zonaroja.com.mx\/index.php?rest_route=\/wp\/v2\/media\/52315"}],"wp:attachment":[{"href":"https:\/\/zonaroja.com.mx\/index.php?rest_route=%2Fwp%2Fv2%2Fmedia&parent=52314"}],"wp:term":[{"taxonomy":"category","embeddable":true,"href":"https:\/\/zonaroja.com.mx\/index.php?rest_route=%2Fwp%2Fv2%2Fcategories&post=52314"},{"taxonomy":"post_tag","embeddable":true,"href":"https:\/\/zonaroja.com.mx\/index.php?rest_route=%2Fwp%2Fv2%2Ftags&post=52314"}],"curies":[{"name":"wp","href":"https:\/\/api.w.org\/{rel}","templated":true}]}}