{"id":52319,"date":"2023-03-03T08:30:00","date_gmt":"2023-03-03T14:30:00","guid":{"rendered":"http:\/\/www.zonaroja.com.mx\/?p=52319"},"modified":"2023-03-03T06:42:20","modified_gmt":"2023-03-03T12:42:20","slug":"salvaguarda-sala-de-justicia-indigena-derechos-de-los-pueblos-originarios","status":"publish","type":"post","link":"https:\/\/zonaroja.com.mx\/?p=52319","title":{"rendered":"Salvaguarda Sala de Justicia Ind\u00edgena derechos de los pueblos originarios"},"content":{"rendered":"\n<p>Redacci\u00f3n\/Zona Roja.<\/p>\n\n\n\n<p>Oaxaca de Ju\u00e1rez, Oax., a 3 de marzo de 2023.- La Sala de Justicia Ind\u00edgena del Tribunal Superior de Justicia del Estado&nbsp;(TSJE), \u00fanica en el&nbsp;pa\u00eds, cumple&nbsp;este uno de marzo siete a\u00f1os de funcionamiento&nbsp;y de tutelar los derechos fundamentales de los pueblos y comunidades&nbsp;originarias,&nbsp;ya que&nbsp;al ser Oaxaca un estado multicultural,&nbsp;como parte de sus&nbsp;atribuciones&nbsp;conoce&nbsp;de los asuntos relacionados con las resoluciones&nbsp;de&nbsp;las autoridades e inconformidades que&nbsp;deriven&nbsp;de los sistemas normativos internos.<\/p>\n\n\n\n<p>Al participar con una ponencia en el Segundo Encuentro del Observatorio Latinoamericano de Sistemas Normativos Ind\u00edgenas, el presidente de la Sala de Justicia Ind\u00edgena y Quinta Sala Penal, magistrado Luis Enrique Cordero Aguilar, puntualiz\u00f3 desde la Corte Interamericana de Derechos Humanos (CIDH), se ha reconocido a las localidades como sujetos con personalidad jur\u00eddica y derechos para avanzar en la construcci\u00f3n de una verdadera equidad y justicia social.&nbsp;<\/p>\n\n\n\n<p>Desde esta interpretaci\u00f3n, explic\u00f3,&nbsp;se abordan&nbsp;asuntos&nbsp;como la autonom\u00eda hacendaria;&nbsp;la obtenci\u00f3n del Registro Federal de Contribuyentes (RFC), que marc\u00f3 un importante precedente en el pa\u00eds; los l\u00edmites de la justicia ind\u00edgena para no vulnerar los derechos humanos&nbsp;e&nbsp;inconformidades que se susciten en los procesos de consulta, entre otros.&nbsp;&nbsp;<\/p>\n\n\n\n<p>En su&nbsp;ponencia, donde estuvieron presentes&nbsp;autoridades municipales de Santiago Matatl\u00e1n, San Bartolom\u00e9&nbsp;Quialana, Santa Cruz&nbsp;Papalutla, Santiago&nbsp;Tlazoyaltepec, San Juan&nbsp;Guelav\u00eda y representantes de la Universidad Polit\u00e9cnica de Nochixtl\u00e1n, as\u00ed como representantes de instancias en materia electoral, el presidente de la Sala de Justicia Ind\u00edgena, comparti\u00f3 algunas experiencias de la Sala en diferentes casos.<\/p>\n\n\n\n<p>El magistrado Cordero Aguilar&nbsp;resalt\u00f3&nbsp;que el tema del derecho al desarrollo de los pueblos y comunidades ind\u00edgenas es uno de los que ha arropado la Sala de Justicia Ind\u00edgena en el marco jur\u00eddico y que ha colocado en la agenda judicial del m\u00e1s alto nivel, al igual que la falta de dise\u00f1os normativos suficientes y pol\u00edticas p\u00fablicas para que se responda al principio de la pluriculturalidad,&nbsp;ya que,&nbsp;a pesar de los avances, M\u00e9xico sigue actuando como un pa\u00eds monocultural, enfatiz\u00f3.<\/p>\n\n\n\n<p>El Poder Judicial del Estado, es la \u00fanica instituci\u00f3n en el&nbsp;pa\u00eds, incluso en toda Latinoam\u00e9rica que cuenta con una Sala de Justicia Ind\u00edgena, lo que ha fortalecido&nbsp;la legitimidad constitucional con la que cuentan&nbsp;los&nbsp;pueblos originarios&nbsp;y la vigencia del pluralismo jur\u00eddico.<\/p>\n","protected":false},"excerpt":{"rendered":"<p>Redacci\u00f3n\/Zona Roja. Oaxaca de Ju\u00e1rez, Oax., a 3 de marzo de 2023.- La Sala de&hellip;<\/p>\n","protected":false},"author":2,"featured_media":52320,"comment_status":"closed","ping_status":"open","sticky":false,"template":"","format":"standard","meta":{"_lmt_disableupdate":"","_lmt_disable":"","_jetpack_memberships_contains_paid_content":false,"footnotes":""},"categories":[109,46],"tags":[223],"class_list":["post-52319","post","type-post","status-publish","format-standard","has-post-thumbnail","hentry","category-minuto-a-minuto","category-zona-blanca","tag-poder-judicial-de-oaxaca"],"jetpack_featured_media_url":"https:\/\/zonaroja.com.mx\/wp-content\/uploads\/2023\/03\/Magistrado-Luis-Enrique-Cordero-Aguilar-presidente-de-la-Sala-de-Justicia-Indigena.jpg","jetpack_sharing_enabled":true,"_links":{"self":[{"href":"https:\/\/zonaroja.com.mx\/index.php?rest_route=\/wp\/v2\/posts\/52319","targetHints":{"allow":["GET"]}}],"collection":[{"href":"https:\/\/zonaroja.com.mx\/index.php?rest_route=\/wp\/v2\/posts"}],"about":[{"href":"https:\/\/zonaroja.com.mx\/index.php?rest_route=\/wp\/v2\/types\/post"}],"author":[{"embeddable":true,"href":"https:\/\/zonaroja.com.mx\/index.php?rest_route=\/wp\/v2\/users\/2"}],"replies":[{"embeddable":true,"href":"https:\/\/zonaroja.com.mx\/index.php?rest_route=%2Fwp%2Fv2%2Fcomments&post=52319"}],"version-history":[{"count":1,"href":"https:\/\/zonaroja.com.mx\/index.php?rest_route=\/wp\/v2\/posts\/52319\/revisions"}],"predecessor-version":[{"id":52321,"href":"https:\/\/zonaroja.com.mx\/index.php?rest_route=\/wp\/v2\/posts\/52319\/revisions\/52321"}],"wp:featuredmedia":[{"embeddable":true,"href":"https:\/\/zonaroja.com.mx\/index.php?rest_route=\/wp\/v2\/media\/52320"}],"wp:attachment":[{"href":"https:\/\/zonaroja.com.mx\/index.php?rest_route=%2Fwp%2Fv2%2Fmedia&parent=52319"}],"wp:term":[{"taxonomy":"category","embeddable":true,"href":"https:\/\/zonaroja.com.mx\/index.php?rest_route=%2Fwp%2Fv2%2Fcategories&post=52319"},{"taxonomy":"post_tag","embeddable":true,"href":"https:\/\/zonaroja.com.mx\/index.php?rest_route=%2Fwp%2Fv2%2Ftags&post=52319"}],"curies":[{"name":"wp","href":"https:\/\/api.w.org\/{rel}","templated":true}]}}