{"id":5232,"date":"2019-10-28T21:12:22","date_gmt":"2019-10-29T03:12:22","guid":{"rendered":"http:\/\/www.zonaroja.com.mx\/?p=5232"},"modified":"2019-10-28T21:14:05","modified_gmt":"2019-10-29T03:14:05","slug":"coordina-dirigente-del-falp-marcha-de-padres-en-defensa-de-escuela-en-tlacolula","status":"publish","type":"post","link":"https:\/\/zonaroja.com.mx\/?p=5232","title":{"rendered":"Coordina dirigente del FALP marcha de padres en defensa de escuela en Tlacolula"},"content":{"rendered":"\n<p>Ismael Garc\u00eda M.<\/p>\n\n\n\n<p>Tlacolula de Matamoros, Oax., 28 de\noctubre de 2019.- Alrededor de mil personas, entre padres de familia y\ndocentes, marcharon la tarde de este lunes, en defensa de las primarias \u201cPresidente\nL\u00f3pez Mateos\u201d y \u201cSor Juana In\u00e9s de la Cruz\u201d.<\/p>\n\n\n\n<p>La movilizaci\u00f3n, que parti\u00f3 del crucero\nde la carretera Internacional 190 con rumbo al centro del municipio, fue\ncoordinada por el dirigente del Frente Amplio de Lucha Popular (FALP), Gervasio\nMart\u00ednez, quien gui\u00f3 la protesta.<\/p>\n\n\n\n<p>Los manifestantes son quienes resguardan desde hace dos meses la sede del plantel, ubicado en la calle 2 de Abril y Avenida Ju\u00e1rez, a una cuadra del palacio municipal, apoyados por la Secci\u00f3n 22 del Sindicato Nacional de Trabajadores de la Educaci\u00f3n.<\/p>\n\n\n\n<figure class=\"wp-block-embed-twitter wp-block-embed is-type-rich is-provider-twitter\"><div class=\"wp-block-embed__wrapper\">\n<div class=\"twitter-tweet\"><blockquote class=\"twitter-tweet\" data-lang=\"es\"><p lang=\"es\" dir=\"ltr\"><a href=\"https:\/\/twitter.com\/hashtag\/OaxacaGris?src=hash&amp;ref_src=twsrc%5Etfw\">#OaxacaGris<\/a><br>As\u00ed la marcha pac\u00edfica de maestros y padres de familia en Tlacolula de Matamoros, quienes defienden la rehabilitaci\u00f3n de la escuela \u201cPresidente L\u00f3pez Mateos\u201d, en disputa con otro grupo. <a href=\"https:\/\/t.co\/XVcm4ZU4Ek\">pic.twitter.com\/XVcm4ZU4Ek<\/a><\/p>&mdash; Zona Roja Oaxaca (@MexRoja) <a href=\"https:\/\/twitter.com\/MexRoja\/status\/1188963416146243584?ref_src=twsrc%5Etfw\">28 de octubre de 2019<\/a><\/blockquote><\/div>\n<\/div><\/figure>\n\n\n\n<p>En dos ocasiones, este grupo de\ndocentes y padres de familia, ha sido atacado por una agrupaci\u00f3n disidente que\nlideran presuntos empresarios y son promovidos por el presidente municipal,\nCarlos Le\u00f3n Monterrubio, del Partido Morena.<\/p>\n\n\n\n<p>Los \u00faltimos hechos violentos ocurrieron\nel pasado viernes en que por la fuerza un bando tir\u00f3 las bardas met\u00e1licas de la\nescuela y destruy\u00f3 cimientos de la obra.<\/p>\n\n\n\n<p>La escuela, en que funcionan escuelas primarias en el turno matutino y vespertino, sufri\u00f3 da\u00f1os a causas de los sismos de septiembre de 2017; tras casi dos a\u00f1os, se consigui\u00f3 un recurso superior a los siete millones de pesos para su rehabilitaci\u00f3n, que comenz\u00f3 en agosto.<\/p>\n\n\n\n<figure class=\"wp-block-embed-twitter wp-block-embed is-type-rich is-provider-twitter\"><div class=\"wp-block-embed__wrapper\">\n<div class=\"twitter-tweet\"><blockquote class=\"twitter-tweet\" data-lang=\"es\"><p lang=\"es\" dir=\"ltr\"><a href=\"https:\/\/twitter.com\/hashtag\/ENVIVO?src=hash&amp;ref_src=twsrc%5Etfw\">#ENVIVO<\/a><br>Tlacolula de Matamoros, Oax. 28 de octubre de 2019.- As\u00ed se encuentra la primaria \u201cPresidente L\u00f3pez Mateos\u201d, en disputa federal hace m\u00e1s de dos meses.<br>\ud83d\udc47<a href=\"https:\/\/t.co\/AAcUWMlWnN\">https:\/\/t.co\/AAcUWMlWnN<\/a> <a href=\"https:\/\/t.co\/BPy3bCSRvJ\">pic.twitter.com\/BPy3bCSRvJ<\/a><\/p>&mdash; Zona Roja Oaxaca (@MexRoja) <a href=\"https:\/\/twitter.com\/MexRoja\/status\/1188957683547697152?ref_src=twsrc%5Etfw\">28 de octubre de 2019<\/a><\/blockquote><\/div>\n<\/div><\/figure>\n\n\n\n<p>Sin embargo, de inmediato surgieron las\ndisputas, entre un grupo que se niega a la rehabilitaci\u00f3n bajo el argumento de\nque ah\u00ed se podr\u00eda construir una plaza comercial, y otro que defiende el\ninmueble.<\/p>\n\n\n\n<p>La marcha concluy\u00f3 de manera pac\u00edfica\nen el parque \u201cJu\u00e1rez\u201d, donde se efectu\u00f3 un mitin. Hasta el momento ni el\nGobierno del Estado ni el ayuntamiento de Tlacolula se han pronunciado al\nrespecto, a pesar de que el conflicto lleva casi dos meses.<\/p>\n","protected":false},"excerpt":{"rendered":"<p>Ismael Garc\u00eda M. Tlacolula de Matamoros, Oax., 28 de octubre de 2019.- Alrededor de mil&hellip;<\/p>\n","protected":false},"author":2,"featured_media":5234,"comment_status":"closed","ping_status":"open","sticky":false,"template":"","format":"standard","meta":{"_lmt_disableupdate":"","_lmt_disable":"","_jetpack_memberships_contains_paid_content":false,"footnotes":""},"categories":[109,47],"tags":[127],"class_list":["post-5232","post","type-post","status-publish","format-standard","has-post-thumbnail","hentry","category-minuto-a-minuto","category-zona-gris","tag-tlacolula-de-matamoros"],"jetpack_featured_media_url":"https:\/\/zonaroja.com.mx\/wp-content\/uploads\/2019\/10\/5cdecfd0-3d08-4edc-b438-16aeac416c1b.jpg","jetpack_sharing_enabled":true,"_links":{"self":[{"href":"https:\/\/zonaroja.com.mx\/index.php?rest_route=\/wp\/v2\/posts\/5232","targetHints":{"allow":["GET"]}}],"collection":[{"href":"https:\/\/zonaroja.com.mx\/index.php?rest_route=\/wp\/v2\/posts"}],"about":[{"href":"https:\/\/zonaroja.com.mx\/index.php?rest_route=\/wp\/v2\/types\/post"}],"author":[{"embeddable":true,"href":"https:\/\/zonaroja.com.mx\/index.php?rest_route=\/wp\/v2\/users\/2"}],"replies":[{"embeddable":true,"href":"https:\/\/zonaroja.com.mx\/index.php?rest_route=%2Fwp%2Fv2%2Fcomments&post=5232"}],"version-history":[{"count":1,"href":"https:\/\/zonaroja.com.mx\/index.php?rest_route=\/wp\/v2\/posts\/5232\/revisions"}],"predecessor-version":[{"id":5233,"href":"https:\/\/zonaroja.com.mx\/index.php?rest_route=\/wp\/v2\/posts\/5232\/revisions\/5233"}],"wp:featuredmedia":[{"embeddable":true,"href":"https:\/\/zonaroja.com.mx\/index.php?rest_route=\/wp\/v2\/media\/5234"}],"wp:attachment":[{"href":"https:\/\/zonaroja.com.mx\/index.php?rest_route=%2Fwp%2Fv2%2Fmedia&parent=5232"}],"wp:term":[{"taxonomy":"category","embeddable":true,"href":"https:\/\/zonaroja.com.mx\/index.php?rest_route=%2Fwp%2Fv2%2Fcategories&post=5232"},{"taxonomy":"post_tag","embeddable":true,"href":"https:\/\/zonaroja.com.mx\/index.php?rest_route=%2Fwp%2Fv2%2Ftags&post=5232"}],"curies":[{"name":"wp","href":"https:\/\/api.w.org\/{rel}","templated":true}]}}