{"id":52331,"date":"2023-03-03T07:32:19","date_gmt":"2023-03-03T13:32:19","guid":{"rendered":"http:\/\/www.zonaroja.com.mx\/?p=52331"},"modified":"2023-03-03T07:32:21","modified_gmt":"2023-03-03T13:32:21","slug":"luego-de-tres-dias-liberan-a-lorena-merino-bajo-reservas-de-ley","status":"publish","type":"post","link":"https:\/\/zonaroja.com.mx\/?p=52331","title":{"rendered":"Luego de tres d\u00edas, liberan a Lorena Merino, \u201cbajo reservas de ley\u201d"},"content":{"rendered":"\n<p>Ismael Garc\u00eda M.\/Zona Roja.<\/p>\n\n\n\n<p>Oaxaca de Ju\u00e1rez, Oax., a 3 de marzo de 2023.- Luego de tres d\u00edas de detenci\u00f3n, la ind\u00edgena de la etnia Triqui Lorena Merino, fue puesta en libertad ayer por la tarde, \u201cbajo las reservas de ley\u201d.<\/p>\n\n\n\n<p>Sin embargo, contin\u00faan las contradicciones entre funcionarios del Gobierno del Estado acerca de los delitos que se le acusa.<\/p>\n\n\n\n<p>Ayer, el secretario de Seguridad estatal, Iv\u00e1n Garc\u00eda \u00c1lvarez, dijo en conferencia de prensa que fue por faltas administrativas; pese a ello se le puso a disposici\u00f3n de la Fiscal\u00eda General del Estado de Oaxaca, cuando no hab\u00eda delito para dicha remisi\u00f3n.<\/p>\n\n\n\n<p>Mientras que el 28 de febrero, en que fue detenida Lorena Merino y tres personas m\u00e1s, el secretario de Gobierno, Jes\u00fas Romero L\u00f3pez, argument\u00f3 que fue detenida porque vend\u00eda mercanc\u00eda sin permiso y porque hab\u00eda agredido a una inspectora del ayuntamiento.<\/p>\n\n\n\n<p>La representante de un reducido grupo de ind\u00edgenas Triquis protestaba el pasado martes cuando cerca de las 11:00 horas arrib\u00f3 un grupo de inspectores municipales supuestamente para retirar la mercanc\u00eda que vend\u00eda sin permiso.<\/p>\n\n\n\n<p>Pero de inmediato arribaron al menos medio centenar de elementos antimotines de la Polic\u00eda Estatal que, con apoyo de la polic\u00eda municipal, la detuvieron con violencia a ella y tres m\u00e1s y los llevaron a separos los en Ciudad Judicial.<\/p>\n\n\n\n<p>La versi\u00f3n oficial ante la Fiscal\u00eda General de la puesta a disposici\u00f3n fue resistencia a particulares y lesiones, aunque no se logr\u00f3 acreditar la acusaci\u00f3n.<\/p>\n\n\n\n<p>Autoridades estatales, incluyendo el gobernador Salom\u00f3n Jara, han reiterado que no hubo violencia en la detenci\u00f3n, pese a los diversos videos que circulan acerca de la forma en que fue detenida la mujer, que junto con sus seguidores exigen el retorno a San Juan Copala, de donde fueron expulsados desde hace m\u00e1s de 12 a\u00f1os.<\/p>\n\n\n\n<p>Se prev\u00e9 que en las pr\u00f3ximas horas, Lorena Merino reanude sus protestas para denunciar la detenci\u00f3n ilegal de la que fue objeto y de lo cual pocas organizaciones sociales se han pronunciado.<\/p>\n","protected":false},"excerpt":{"rendered":"<p>Ismael Garc\u00eda M.\/Zona Roja. Oaxaca de Ju\u00e1rez, Oax., a 3 de marzo de 2023.- Luego&hellip;<\/p>\n","protected":false},"author":2,"featured_media":52332,"comment_status":"closed","ping_status":"open","sticky":false,"template":"","format":"standard","meta":{"_lmt_disableupdate":"","_lmt_disable":"","_jetpack_memberships_contains_paid_content":false,"footnotes":""},"categories":[109,47],"tags":[353],"class_list":["post-52331","post","type-post","status-publish","format-standard","has-post-thumbnail","hentry","category-minuto-a-minuto","category-zona-gris","tag-lorena-merino"],"jetpack_featured_media_url":"https:\/\/zonaroja.com.mx\/wp-content\/uploads\/2023\/03\/Lorea-Merino-detencion-triquis.jpg","jetpack_sharing_enabled":true,"_links":{"self":[{"href":"https:\/\/zonaroja.com.mx\/index.php?rest_route=\/wp\/v2\/posts\/52331","targetHints":{"allow":["GET"]}}],"collection":[{"href":"https:\/\/zonaroja.com.mx\/index.php?rest_route=\/wp\/v2\/posts"}],"about":[{"href":"https:\/\/zonaroja.com.mx\/index.php?rest_route=\/wp\/v2\/types\/post"}],"author":[{"embeddable":true,"href":"https:\/\/zonaroja.com.mx\/index.php?rest_route=\/wp\/v2\/users\/2"}],"replies":[{"embeddable":true,"href":"https:\/\/zonaroja.com.mx\/index.php?rest_route=%2Fwp%2Fv2%2Fcomments&post=52331"}],"version-history":[{"count":1,"href":"https:\/\/zonaroja.com.mx\/index.php?rest_route=\/wp\/v2\/posts\/52331\/revisions"}],"predecessor-version":[{"id":52333,"href":"https:\/\/zonaroja.com.mx\/index.php?rest_route=\/wp\/v2\/posts\/52331\/revisions\/52333"}],"wp:featuredmedia":[{"embeddable":true,"href":"https:\/\/zonaroja.com.mx\/index.php?rest_route=\/wp\/v2\/media\/52332"}],"wp:attachment":[{"href":"https:\/\/zonaroja.com.mx\/index.php?rest_route=%2Fwp%2Fv2%2Fmedia&parent=52331"}],"wp:term":[{"taxonomy":"category","embeddable":true,"href":"https:\/\/zonaroja.com.mx\/index.php?rest_route=%2Fwp%2Fv2%2Fcategories&post=52331"},{"taxonomy":"post_tag","embeddable":true,"href":"https:\/\/zonaroja.com.mx\/index.php?rest_route=%2Fwp%2Fv2%2Ftags&post=52331"}],"curies":[{"name":"wp","href":"https:\/\/api.w.org\/{rel}","templated":true}]}}