{"id":52334,"date":"2023-03-03T08:19:28","date_gmt":"2023-03-03T14:19:28","guid":{"rendered":"http:\/\/www.zonaroja.com.mx\/?p=52334"},"modified":"2023-03-03T08:19:29","modified_gmt":"2023-03-03T14:19:29","slug":"explosion-de-polvorin-deja-3-muertos-en-municipio-de-la-mixteca","status":"publish","type":"post","link":"https:\/\/zonaroja.com.mx\/?p=52334","title":{"rendered":"Explosi\u00f3n de polvor\u00edn deja 3 muertos en municipio de la Mixteca"},"content":{"rendered":"\n<p>Redacci\u00f3n\/Zona Roja. Foto: Vivo Noticias.<\/p>\n\n\n\n<p>Oaxaca de Ju\u00e1rez, Oax., a 3 de marzo de 2023.- Tres personas perdieron la vida y dos m\u00e1s resultaron lesionadas, por la explosi\u00f3n de un polvor\u00edn en San Jorge Nuchita, municipio de la regi\u00f3n Mixteca de Oaxaca.<\/p>\n\n\n\n<p>El suceso se registr\u00f3 cerca de las 11:00 horas de ayer en la agencia de San Miguel Allende, en que se localizaba un local donde se elaboraban art\u00edculos de pirotecnia, del que se investiga si contaba con permisos para ello.<\/p>\n\n\n\n<p>Al parecer un mal manejo de los materiales origin\u00f3 la explosi\u00f3n, en que perdieron la vida Olegario \u201cN\u201d, de 20 a\u00f1os de edad; Sa\u00fal \u201cN\u201d, de 23 a\u00f1os de edad, y Aar\u00f3n Ricardo, de 23 a\u00f1os.<\/p>\n\n\n\n<p>Adem\u00e1s, resultaron lesionados Luis Enrique \u201cN\u201d, de 29 a\u00f1os, y Luis Manuel \u201cN\u201d, de 31 a\u00f1os, quienes fueron trasladados al hospital general p\u00fablico ubicado en Huajuapan de Le\u00f3n.<\/p>\n\n\n\n<p>La Fiscal\u00eda General del Estado de Oaxaca, a trav\u00e9s de la Vicefiscal\u00eda Regional de la Mixteca, inici\u00f3 con as investigaciones correspondientes para deslindar responsabilidades.<\/p>\n","protected":false},"excerpt":{"rendered":"<p>Redacci\u00f3n\/Zona Roja. Foto: Vivo Noticias. Oaxaca de Ju\u00e1rez, Oax., a 3 de marzo de 2023.-&hellip;<\/p>\n","protected":false},"author":2,"featured_media":52335,"comment_status":"closed","ping_status":"open","sticky":false,"template":"","format":"standard","meta":{"_lmt_disableupdate":"","_lmt_disable":"","_jetpack_memberships_contains_paid_content":false,"footnotes":""},"categories":[109,51],"tags":[3451],"class_list":["post-52334","post","type-post","status-publish","format-standard","has-post-thumbnail","hentry","category-minuto-a-minuto","category-zona-roja","tag-san-jorge-nuchita"],"jetpack_featured_media_url":"https:\/\/zonaroja.com.mx\/wp-content\/uploads\/2023\/03\/Explosion-San-Jorge-Nuchita.jpg","jetpack_sharing_enabled":true,"_links":{"self":[{"href":"https:\/\/zonaroja.com.mx\/index.php?rest_route=\/wp\/v2\/posts\/52334","targetHints":{"allow":["GET"]}}],"collection":[{"href":"https:\/\/zonaroja.com.mx\/index.php?rest_route=\/wp\/v2\/posts"}],"about":[{"href":"https:\/\/zonaroja.com.mx\/index.php?rest_route=\/wp\/v2\/types\/post"}],"author":[{"embeddable":true,"href":"https:\/\/zonaroja.com.mx\/index.php?rest_route=\/wp\/v2\/users\/2"}],"replies":[{"embeddable":true,"href":"https:\/\/zonaroja.com.mx\/index.php?rest_route=%2Fwp%2Fv2%2Fcomments&post=52334"}],"version-history":[{"count":1,"href":"https:\/\/zonaroja.com.mx\/index.php?rest_route=\/wp\/v2\/posts\/52334\/revisions"}],"predecessor-version":[{"id":52336,"href":"https:\/\/zonaroja.com.mx\/index.php?rest_route=\/wp\/v2\/posts\/52334\/revisions\/52336"}],"wp:featuredmedia":[{"embeddable":true,"href":"https:\/\/zonaroja.com.mx\/index.php?rest_route=\/wp\/v2\/media\/52335"}],"wp:attachment":[{"href":"https:\/\/zonaroja.com.mx\/index.php?rest_route=%2Fwp%2Fv2%2Fmedia&parent=52334"}],"wp:term":[{"taxonomy":"category","embeddable":true,"href":"https:\/\/zonaroja.com.mx\/index.php?rest_route=%2Fwp%2Fv2%2Fcategories&post=52334"},{"taxonomy":"post_tag","embeddable":true,"href":"https:\/\/zonaroja.com.mx\/index.php?rest_route=%2Fwp%2Fv2%2Ftags&post=52334"}],"curies":[{"name":"wp","href":"https:\/\/api.w.org\/{rel}","templated":true}]}}