{"id":52337,"date":"2023-03-03T11:19:00","date_gmt":"2023-03-03T17:19:00","guid":{"rendered":"http:\/\/www.zonaroja.com.mx\/?p=52337"},"modified":"2023-03-03T08:21:42","modified_gmt":"2023-03-03T14:21:42","slug":"vinculan-a-proceso-a-cuatro-militares-por-asesinato-de-cinco-jovenes-en-tamaulipas","status":"publish","type":"post","link":"https:\/\/zonaroja.com.mx\/?p=52337","title":{"rendered":"Vinculan a proceso a cuatro militares por asesinato de cinco j\u00f3venes en Tamaulipas"},"content":{"rendered":"\n<p>Redacci\u00f3n\/Zona Roja Cdmx.<\/p>\n\n\n\n<p>Ciudad de M\u00e9xico, a 3 de marzo de 2023.- Cuatro elementos del Ej\u00e9rcito mexicano fueron vinculados a proceso por desobediencia y delito del fuero militar por los hechos del domingo 26 de febrero en Nuevo Laredo, Tamaulipas, en los que cinco j\u00f3venes fueron abatidos por militares.<\/p>\n\n\n\n<p>Autoridades de la Secretar\u00eda de la Defensa Nacional (Sedena) dijeron que se trata de cuatro cabos de Caballer\u00eda, quienes fung\u00edan como artilleros en una de cuatro camionetas militares que persiguieron a la Pick Up donde viajaban las v\u00edctimas.<\/p>\n\n\n\n<p>Las autoridades explicaron que los militares detenidos y sus compa\u00f1eros que participaron en la acci\u00f3n del domingo est\u00e1n a disposici\u00f3n de lo que resuelva la Fiscal\u00eda General de la Rep\u00fablica (FGR) quien tambi\u00e9n investiga el caso.<\/p>\n\n\n\n<p>La FGR integra la carpeta de investigaci\u00f3n para establecer si hay o no una responsabilidad penal, del fuero civil federal, por parte de los militares. En especial se busca establecer si hubo o no una ilegalidad a la hora de disparar sus armas.<\/p>\n\n\n\n<p>Para ello recaba entrevistas, incluso con los militares, adem\u00e1s de que se realizan acciones periciales para establecer c\u00f3mo ocurrieron los hechos y la actuaci\u00f3n de cada militar.<\/p>\n\n\n\n<p>En su conferencia matutina el presidente Andr\u00e9s Manuel L\u00f3pez Obrador asegur\u00f3 que tambi\u00e9n hay una investigaci\u00f3n por parte de la Comisi\u00f3n Nacional de Derechos Humanos (CNDH), la cual intervino a petici\u00f3n del secretario de la Defensa, Luis Crescencio Sandoval.<\/p>\n\n\n\n<p>El mandatario agreg\u00f3 que en su gobierno no hay impunidad para nadie y que no se permitir\u00e1 la violaci\u00f3n de los derechos humanos, por lo que pidi\u00f3 profundizar en la investigaci\u00f3n del caso.<\/p>\n\n\n\n<p>\u201cIncluso ya se est\u00e1 procediendo de acuerdo a la disciplina militar, en el caso del reglamento que tiene que ver con el uso de la fuerza, que tiene que ver con la disciplina militar. Ya la misma Secretar\u00eda de la Defensa est\u00e1 actuando. La Fiscal\u00eda tiene que llevar a cabo la investigaci\u00f3n completa\u201d.<\/p>\n\n\n\n<p>Asimismo, aclarar que, \u201caunque se trata de supuestos sicarios, no se debe permitir la ejecuci\u00f3n de nadie, ya no estamos en el tiempo de m\u00e1talos en caliente o rem\u00e1talos, no, eso no\u201d.<\/p>\n\n\n\n<p>Seg\u00fan la versi\u00f3n de los militares que participaron en los hechos, fueron solo cuatro los elementos quienes dispararon contra los j\u00f3venes y lo hicieron sin que su mando, un Capit\u00e1n Segundo de Caballer\u00eda, lo ordenara.<\/p>\n\n\n\n<p>Seg\u00fan el Cap\u00edtulo III, art\u00edculos 301 al 304, del C\u00f3digo de Justicia militar, la desobediencia podr\u00eda ser sancionada con prisi\u00f3n de nueve meses y hasta 30 a\u00f1os, seg\u00fan la circunstancia y gravedad de cada caso y si se cometi\u00f3 en servicio o fuera de \u00e9l.<\/p>\n\n\n\n<p>(Informaci\u00f3n de \u201cEl Financiero\u201d)<\/p>\n","protected":false},"excerpt":{"rendered":"<p>Redacci\u00f3n\/Zona Roja Cdmx. Ciudad de M\u00e9xico, a 3 de marzo de 2023.- Cuatro elementos del&hellip;<\/p>\n","protected":false},"author":2,"featured_media":52193,"comment_status":"closed","ping_status":"open","sticky":false,"template":"","format":"standard","meta":{"_lmt_disableupdate":"","_lmt_disable":"","_jetpack_memberships_contains_paid_content":false,"footnotes":""},"categories":[109,47],"tags":[2771],"class_list":["post-52337","post","type-post","status-publish","format-standard","has-post-thumbnail","hentry","category-minuto-a-minuto","category-zona-gris","tag-masacre-tamaulipas"],"jetpack_featured_media_url":"https:\/\/zonaroja.com.mx\/wp-content\/uploads\/2023\/02\/Asesinato-jovenes-Tamaulipas.jpeg","jetpack_sharing_enabled":true,"_links":{"self":[{"href":"https:\/\/zonaroja.com.mx\/index.php?rest_route=\/wp\/v2\/posts\/52337","targetHints":{"allow":["GET"]}}],"collection":[{"href":"https:\/\/zonaroja.com.mx\/index.php?rest_route=\/wp\/v2\/posts"}],"about":[{"href":"https:\/\/zonaroja.com.mx\/index.php?rest_route=\/wp\/v2\/types\/post"}],"author":[{"embeddable":true,"href":"https:\/\/zonaroja.com.mx\/index.php?rest_route=\/wp\/v2\/users\/2"}],"replies":[{"embeddable":true,"href":"https:\/\/zonaroja.com.mx\/index.php?rest_route=%2Fwp%2Fv2%2Fcomments&post=52337"}],"version-history":[{"count":1,"href":"https:\/\/zonaroja.com.mx\/index.php?rest_route=\/wp\/v2\/posts\/52337\/revisions"}],"predecessor-version":[{"id":52338,"href":"https:\/\/zonaroja.com.mx\/index.php?rest_route=\/wp\/v2\/posts\/52337\/revisions\/52338"}],"wp:featuredmedia":[{"embeddable":true,"href":"https:\/\/zonaroja.com.mx\/index.php?rest_route=\/wp\/v2\/media\/52193"}],"wp:attachment":[{"href":"https:\/\/zonaroja.com.mx\/index.php?rest_route=%2Fwp%2Fv2%2Fmedia&parent=52337"}],"wp:term":[{"taxonomy":"category","embeddable":true,"href":"https:\/\/zonaroja.com.mx\/index.php?rest_route=%2Fwp%2Fv2%2Fcategories&post=52337"},{"taxonomy":"post_tag","embeddable":true,"href":"https:\/\/zonaroja.com.mx\/index.php?rest_route=%2Fwp%2Fv2%2Ftags&post=52337"}],"curies":[{"name":"wp","href":"https:\/\/api.w.org\/{rel}","templated":true}]}}