{"id":52339,"date":"2023-03-03T13:21:00","date_gmt":"2023-03-03T19:21:00","guid":{"rendered":"http:\/\/www.zonaroja.com.mx\/?p=52339"},"modified":"2023-03-03T17:48:48","modified_gmt":"2023-03-03T23:48:48","slug":"p1-15","status":"publish","type":"post","link":"https:\/\/zonaroja.com.mx\/?p=52339","title":{"rendered":"Por fallida pol\u00edtica interna, suman cinco d\u00edas de bloqueos en el Istmo"},"content":{"rendered":"\n<p>Yuridiana Sosa\/Zona Roja.<\/p>\n\n\n\n<p>Oaxaca de Ju\u00e1rez, Oax., a 3 de marzo de 2023.- La incapacidad del gobierno de Oaxaca para atender conflictos mantiene desde hace cinco d\u00edas el bloqueo ferroviario en la zona norte del Istmo, lo que impide las obras del Corredor Interoce\u00e1nico que impulsa el Gobierno de M\u00e9xico.<\/p>\n\n\n\n<p>Pobladores de San Juan Guichicovi, de San Juan Mazatl\u00e1n y de Mat\u00edas Romero, que bloquean el tramo de Mogo\u00f1\u00e9 Viejo- Vixidu, se\u00f1alan que el gobierno de Salom\u00f3n Jara no ha concedido la mesa de di\u00e1logo que exigen desde el primer d\u00eda, al contrario, se ha permitido la intimidaci\u00f3n de parte de la Secretar\u00eda de Marina para el desalojo de la protesta.<\/p>\n\n\n\n<p>\u201cNo al gasoducto, exigimos respeto a nuestros derechos\u201d, se\u00f1alan comuneros y ejidatarios como consigna principal en una de las matas que mantienen en el bloqueo.<\/p>\n\n\n\n<p>Los inconformes y afectados con la obra del megaproyecto esperaban la interlocuci\u00f3n del gobierno estatal abrir tambi\u00e9n una mesa de di\u00e1logo con el gobierno federal, sin embargo, a cuatro d\u00edas de la protesta apenas alcanz\u00f3 para que la Secretar\u00eda de Gobierno enviara una comisi\u00f3n para conocer los motivos del bloqueo, sin que ofreciera respuestas a sus peticiones.<\/p>\n\n\n\n<p>Fue hasta el cuarto d\u00eda que los elementos de la Secretar\u00eda de Marina dejaron de hacer presencia en la zona del bloqueo.<\/p>\n\n\n\n<p>Los manifestantes, en su mayor\u00eda afiliados a la Uni\u00f3n de Comunidades Ind\u00edgenas de la Zona Norte del Istmo (Ucizoni), apuntaron que en tanto no exista una mesa de di\u00e1logo con las autoridades correspondientes, no levantar\u00e1n su protesta.<\/p>\n","protected":false},"excerpt":{"rendered":"<p>Yuridiana Sosa\/Zona Roja. Oaxaca de Ju\u00e1rez, Oax., a 3 de marzo de 2023.- La incapacidad&hellip;<\/p>\n","protected":false},"author":2,"featured_media":52343,"comment_status":"closed","ping_status":"open","sticky":false,"template":"","format":"standard","meta":{"_lmt_disableupdate":"","_lmt_disable":"","_jetpack_memberships_contains_paid_content":false,"footnotes":""},"categories":[109,47],"tags":[],"class_list":["post-52339","post","type-post","status-publish","format-standard","has-post-thumbnail","hentry","category-minuto-a-minuto","category-zona-gris"],"jetpack_featured_media_url":"https:\/\/zonaroja.com.mx\/wp-content\/uploads\/2023\/03\/8ff1a85e-802d-40cb-837f-1307f420b394.jpg","jetpack_sharing_enabled":true,"_links":{"self":[{"href":"https:\/\/zonaroja.com.mx\/index.php?rest_route=\/wp\/v2\/posts\/52339","targetHints":{"allow":["GET"]}}],"collection":[{"href":"https:\/\/zonaroja.com.mx\/index.php?rest_route=\/wp\/v2\/posts"}],"about":[{"href":"https:\/\/zonaroja.com.mx\/index.php?rest_route=\/wp\/v2\/types\/post"}],"author":[{"embeddable":true,"href":"https:\/\/zonaroja.com.mx\/index.php?rest_route=\/wp\/v2\/users\/2"}],"replies":[{"embeddable":true,"href":"https:\/\/zonaroja.com.mx\/index.php?rest_route=%2Fwp%2Fv2%2Fcomments&post=52339"}],"version-history":[{"count":2,"href":"https:\/\/zonaroja.com.mx\/index.php?rest_route=\/wp\/v2\/posts\/52339\/revisions"}],"predecessor-version":[{"id":52344,"href":"https:\/\/zonaroja.com.mx\/index.php?rest_route=\/wp\/v2\/posts\/52339\/revisions\/52344"}],"wp:featuredmedia":[{"embeddable":true,"href":"https:\/\/zonaroja.com.mx\/index.php?rest_route=\/wp\/v2\/media\/52343"}],"wp:attachment":[{"href":"https:\/\/zonaroja.com.mx\/index.php?rest_route=%2Fwp%2Fv2%2Fmedia&parent=52339"}],"wp:term":[{"taxonomy":"category","embeddable":true,"href":"https:\/\/zonaroja.com.mx\/index.php?rest_route=%2Fwp%2Fv2%2Fcategories&post=52339"},{"taxonomy":"post_tag","embeddable":true,"href":"https:\/\/zonaroja.com.mx\/index.php?rest_route=%2Fwp%2Fv2%2Ftags&post=52339"}],"curies":[{"name":"wp","href":"https:\/\/api.w.org\/{rel}","templated":true}]}}