{"id":52341,"date":"2023-03-03T15:22:00","date_gmt":"2023-03-03T21:22:00","guid":{"rendered":"http:\/\/www.zonaroja.com.mx\/?p=52341"},"modified":"2023-03-03T19:09:29","modified_gmt":"2023-03-04T01:09:29","slug":"p2-15","status":"publish","type":"post","link":"https:\/\/zonaroja.com.mx\/?p=52341","title":{"rendered":"Confirman el hallazgo de osamentas de dos mujeres en la Costa de Oaxaca"},"content":{"rendered":"\n<p>Redacci\u00f3n\/Zona Roja. Foto: Ilustraci\u00f3n<\/p>\n\n\n\n<p>Oaxaca de Ju\u00e1rez, Oax., a 3 de marzo de 2023.- Autoridades policiacas y ministeriales confirmaron el hallazgo de osamentas de dos personas del sexo femenino, en Santiago Jamiltepec, municipio de la regi\u00f3n Costa de Oaxaca.<\/p>\n\n\n\n<p>El descubrimiento ocurri\u00f3 ayer cerca del mediod\u00eda en la localidad de Piedra Ancha, por parte de un campesino que acudi\u00f3 a laborar su tierra.\u00a0<\/p>\n\n\n\n<p>De acuerdo con los reportes, en un sitio se hallaron restos \u00f3seos con prendas de vestir femeninas y a 25 metros, m\u00e1s osamentas tambi\u00e9n con vestimenta de mujer.<\/p>\n\n\n\n<p>Tras las diligencias por parte de elementos de la Agencia Estatal de Investigaciones y peritos, los restos fueron trasladados a un sitio para los an\u00e1lisis correspondientes.<\/p>\n\n\n\n<p>Debido del avanzado estado de descomposici\u00f3n de las partes humanas, que incluyen una caja tor\u00e1cica, los estudios de laboratorio tardar\u00e1n varias semanas para ser identificados; adem\u00e1s, de acuerdo con la Fiscal\u00eda General del Estado, se revisa la lista de personas desaparecidas o no localizadas en la zona, con la finalidad de recabar m\u00e1s datos.<\/p>\n","protected":false},"excerpt":{"rendered":"<p>Redacci\u00f3n\/Zona Roja. Foto: Ilustraci\u00f3n Oaxaca de Ju\u00e1rez, Oax., a 3 de marzo de 2023.- Autoridades&hellip;<\/p>\n","protected":false},"author":2,"featured_media":52346,"comment_status":"closed","ping_status":"open","sticky":false,"template":"","format":"standard","meta":{"_lmt_disableupdate":"","_lmt_disable":"","_jetpack_memberships_contains_paid_content":false,"footnotes":""},"categories":[109,51],"tags":[],"class_list":["post-52341","post","type-post","status-publish","format-standard","has-post-thumbnail","hentry","category-minuto-a-minuto","category-zona-roja"],"jetpack_featured_media_url":"https:\/\/zonaroja.com.mx\/wp-content\/uploads\/2023\/03\/Osamenta-escena-violencia-feminicidio-Oaxaca.jpeg","jetpack_sharing_enabled":true,"_links":{"self":[{"href":"https:\/\/zonaroja.com.mx\/index.php?rest_route=\/wp\/v2\/posts\/52341","targetHints":{"allow":["GET"]}}],"collection":[{"href":"https:\/\/zonaroja.com.mx\/index.php?rest_route=\/wp\/v2\/posts"}],"about":[{"href":"https:\/\/zonaroja.com.mx\/index.php?rest_route=\/wp\/v2\/types\/post"}],"author":[{"embeddable":true,"href":"https:\/\/zonaroja.com.mx\/index.php?rest_route=\/wp\/v2\/users\/2"}],"replies":[{"embeddable":true,"href":"https:\/\/zonaroja.com.mx\/index.php?rest_route=%2Fwp%2Fv2%2Fcomments&post=52341"}],"version-history":[{"count":2,"href":"https:\/\/zonaroja.com.mx\/index.php?rest_route=\/wp\/v2\/posts\/52341\/revisions"}],"predecessor-version":[{"id":52347,"href":"https:\/\/zonaroja.com.mx\/index.php?rest_route=\/wp\/v2\/posts\/52341\/revisions\/52347"}],"wp:featuredmedia":[{"embeddable":true,"href":"https:\/\/zonaroja.com.mx\/index.php?rest_route=\/wp\/v2\/media\/52346"}],"wp:attachment":[{"href":"https:\/\/zonaroja.com.mx\/index.php?rest_route=%2Fwp%2Fv2%2Fmedia&parent=52341"}],"wp:term":[{"taxonomy":"category","embeddable":true,"href":"https:\/\/zonaroja.com.mx\/index.php?rest_route=%2Fwp%2Fv2%2Fcategories&post=52341"},{"taxonomy":"post_tag","embeddable":true,"href":"https:\/\/zonaroja.com.mx\/index.php?rest_route=%2Fwp%2Fv2%2Ftags&post=52341"}],"curies":[{"name":"wp","href":"https:\/\/api.w.org\/{rel}","templated":true}]}}