{"id":5235,"date":"2019-10-28T21:43:30","date_gmt":"2019-10-29T03:43:30","guid":{"rendered":"http:\/\/www.zonaroja.com.mx\/?p=5235"},"modified":"2019-10-30T05:36:13","modified_gmt":"2019-10-30T11:36:13","slug":"asumen-maestros-oaxaquenos-compromiso-de-ser-cada-vez-mejores","status":"publish","type":"post","link":"https:\/\/zonaroja.com.mx\/?p=5235","title":{"rendered":"Asumen maestros oaxaque\u00f1os compromiso de ser cada vez mejores"},"content":{"rendered":"\n<p>Ismael Garc\u00eda M.\/Zona Roja.<\/p>\n\n\n\n<p>Oaxaca de Ju\u00e1rez, Oax., 28 de octubre\nde 2019.- \u201cAsegurar que la educaci\u00f3n que se otorga a ni\u00f1as y ni\u00f1os de Oaxaca\nsea en beneficio integral, es tarea de todos. Las y los maestros de Oaxaca\nasumimos el compromiso para ser cada vez mejores\u201d.<\/p>\n\n\n\n<p>Con ese mensaje, la profesora Ariana\nCansino Guzm\u00e1n, directora del Jard\u00edn Ni\u00f1os \u00abIgnacio Mej\u00eda\u00bb de la\nHeroica Ciudad de Ejutla de Crespo, represent\u00f3 a unos 900 directores de\nplanteles de la entidad, durante la entrega de apoyos del Programa Escuelas de\nTiempo Completo.<\/p>\n\n\n\n<p>Y prosigui\u00f3:<\/p>\n\n\n\n<p>\u201cHoy es un d\u00eda de fiesta, es un d\u00eda\nemotivo, es un espacio \u00fanico y especial, este es el momento en que con gusto\nvemos el reflejo de los esfuerzos y la dedicaci\u00f3n, de las gestiones que cada\nciclo escolar hacemos.<\/p>\n\n\n\n<p>\u201cEl inter\u00e9s, la pasi\u00f3n, el tiempo y el\nesmero que junto con integrantes de las comunidades escolares realizamos para\nser de nuestras instalaciones espacios dignos, llenos de alegr\u00eda, de amor, de\nsonrisas\u201d.<\/p>\n\n\n\n<p>Este lunes, el Instituto Estatal de\nEducaci\u00f3n P\u00fablica de Oaxaca entreg\u00f3 recursos por 104.1 millones de pesos de\ndicho esquema, durante un acto realizado en la capital.<\/p>\n\n\n\n<p>\u201cS\u00f3lo estamos presentes algunos de los\nmiles de maestros quienes con sue\u00f1os, ilusiones y entrega hacemos que nuestro\nestado siga brillando en cada uno de los rincones del pa\u00eds y as\u00ed poder poner en\nalto que la educaci\u00f3n.<\/p>\n\n\n\n<p>\u201cEs momento dejar claro que los recursos del programa se han aplicado pata atender las necesidades de nuestras comunidades\u201d, manifest\u00f3 la docente, ante un sal\u00f3n repleto, cuyo acto presidi\u00f3 el gobernador Alejandro Murat.<\/p>\n\n\n\n<figure class=\"wp-block-embed-twitter wp-block-embed is-type-rich is-provider-twitter\"><div class=\"wp-block-embed__wrapper\">\n<div class=\"twitter-tweet\"><blockquote class=\"twitter-tweet\" data-lang=\"es\"><p lang=\"es\" dir=\"ltr\">\u201cEs momento de seguir caminando juntos y seguir apostando a una educaci\u00f3n de excelencia en Oaxaca\u201d, dijo la profesora Ariana Cansino, al participar en el acto de Escuelas de Tiempo Completo que presidieron el titular del IEEPO, <a href=\"https:\/\/twitter.com\/VillarrealPaco?ref_src=twsrc%5Etfw\">@VillarrealPaco<\/a>, y el gobernador <a href=\"https:\/\/twitter.com\/alejandromurat?ref_src=twsrc%5Etfw\">@alejandromurat<\/a>. <a href=\"https:\/\/t.co\/F31p52BwxH\">pic.twitter.com\/F31p52BwxH<\/a><\/p>&mdash; Zona Roja Oaxaca (@MexRoja) <a href=\"https:\/\/twitter.com\/MexRoja\/status\/1189004125331017728?ref_src=twsrc%5Etfw\">29 de octubre de 2019<\/a><\/blockquote><\/div>\n<\/div><\/figure>\n\n\n\n<p>Y la petici\u00f3n de la profesora Ariana\nCansino:<\/p>\n\n\n\n<p>\u201cA pesar de que se tuvo recorte\npresupuestal, seguimos con la decisi\u00f3n de ir adelante, y solicitar p\u00fablicamente\nque el Programa de Escuelas de Tiempo Completo contin\u00fae en nuestro estado para\npoder beneficiar con los aprendizajes y la atenci\u00f3n alimenticia a los escolares\nen las comunidades\u201d.<\/p>\n\n\n\n<p>\u201cEs momento que nuestros educandos,\nnuestros padres de familia, nuestros compa\u00f1eros docentes, sean ejemplo de las\nescuelas, por esa raz\u00f3n es preciso reafirmar nuestro compromiso con la\neducaci\u00f3n, es momento de seguir caminando juntos, de confiar y de seguir\naport\u00e1ndole a un patr\u00f3n de excelencia en Oaxaca\u201d, remat\u00f3.<\/p>\n\n\n\n<p>De acuerdo con el titular del IEEPO, Francisco \u00c1ngel Villarreal, los recursos por por 104.1 millones de pesos, forman parte de los 364.8 millones de pesos presupuestados para el ejercicio fiscal 2019, del Programa Escuelas de Tiempo Completo (PETC), para los rubros de Fortalecimiento de la Equidad y la Inclusi\u00f3n, as\u00ed como para la compensaci\u00f3n a directivos, docentes, intendentes y coordinadoras del servicio de alimentaci\u00f3n de 906 planteles, en beneficio de 77 mil 144 escolares oaxaque\u00f1os.<\/p>\n\n\n\n<figure class=\"wp-block-embed-twitter wp-block-embed is-type-rich is-provider-twitter\"><div class=\"wp-block-embed__wrapper\">\n<div class=\"twitter-tweet\"><blockquote class=\"twitter-tweet\" data-lang=\"es\"><p lang=\"es\" dir=\"ltr\">A su vez, el titular del <a href=\"https:\/\/twitter.com\/IEEPOGobOax?ref_src=twsrc%5Etfw\">@IEEPOGobOax<\/a>, <a href=\"https:\/\/twitter.com\/VillarrealPaco?ref_src=twsrc%5Etfw\">@VillarrealPaco<\/a>, afirm\u00f3 que a ra\u00edz del gobierno de <a href=\"https:\/\/twitter.com\/alejandromurat?ref_src=twsrc%5Etfw\">@alejandromurat<\/a>, se han buscado las ventanas de comunicaci\u00f3n correcta con el magisterio, lo que habla de un gobierno que dialoga y no hace uso de la fuerza. <a href=\"https:\/\/t.co\/9zbDUmulhL\">pic.twitter.com\/9zbDUmulhL<\/a><\/p>&mdash; Zona Roja Oaxaca (@MexRoja) <a href=\"https:\/\/twitter.com\/MexRoja\/status\/1189013100382453761?ref_src=twsrc%5Etfw\">29 de octubre de 2019<\/a><\/blockquote><\/div>\n<\/div><\/figure>\n\n\n\n<p>En coordinaci\u00f3n con el gobierno de\nOaxaca, este programa del gobierno de M\u00e9xico -el m\u00e1s grande de la\nAdministraci\u00f3n Federal en cuanto a poblaci\u00f3n beneficiada y recursos- lleva a\ncabo acciones que permiten fortalecer la educaci\u00f3n b\u00e1sica a trav\u00e9s de la\nampliaci\u00f3n de las jornadas escolares que impulsan el desarrollo acad\u00e9mico,\ndeportivo y cultural de las y los alumnos de la entidad.<\/p>\n\n\n\n<p>Explic\u00f3 que las Reglas de Operaci\u00f3n\npara el ejercicio 2019 establecen que se debe considerar hasta el 61% del\npresupuesto autorizado para la compensaci\u00f3n a directivos, docentes e\nintendentes; el 38.41% para asegurar la alimentaci\u00f3n de los alumnos, 9.57% para\nel Fortalecimiento de la inclusi\u00f3n y la equidad y 2% para la implementaci\u00f3n\nlocal.<\/p>\n\n\n\n<p>Resalt\u00f3 el trabajo coordinado que\nrealizan los directivos, docentes, madres y padres de familia para llevar a\ncabo estas acciones que ampl\u00edan la jornada escolar en los planteles que est\u00e1n\ninscritos en el programa.<\/p>\n","protected":false},"excerpt":{"rendered":"<p>Ismael Garc\u00eda M.\/Zona Roja. Oaxaca de Ju\u00e1rez, Oax., 28 de octubre de 2019.- \u201cAsegurar que&hellip;<\/p>\n","protected":false},"author":2,"featured_media":5238,"comment_status":"closed","ping_status":"open","sticky":false,"template":"","format":"standard","meta":{"_lmt_disableupdate":"","_lmt_disable":"","_jetpack_memberships_contains_paid_content":false,"footnotes":""},"categories":[109,46],"tags":[599],"class_list":["post-5235","post","type-post","status-publish","format-standard","has-post-thumbnail","hentry","category-minuto-a-minuto","category-zona-blanca","tag-instituto-estatal-de-educacion-publica-de-oaxaca"],"jetpack_featured_media_url":"https:\/\/zonaroja.com.mx\/wp-content\/uploads\/2019\/10\/escuelas-tiempo-1.jpg","jetpack_sharing_enabled":true,"_links":{"self":[{"href":"https:\/\/zonaroja.com.mx\/index.php?rest_route=\/wp\/v2\/posts\/5235","targetHints":{"allow":["GET"]}}],"collection":[{"href":"https:\/\/zonaroja.com.mx\/index.php?rest_route=\/wp\/v2\/posts"}],"about":[{"href":"https:\/\/zonaroja.com.mx\/index.php?rest_route=\/wp\/v2\/types\/post"}],"author":[{"embeddable":true,"href":"https:\/\/zonaroja.com.mx\/index.php?rest_route=\/wp\/v2\/users\/2"}],"replies":[{"embeddable":true,"href":"https:\/\/zonaroja.com.mx\/index.php?rest_route=%2Fwp%2Fv2%2Fcomments&post=5235"}],"version-history":[{"count":1,"href":"https:\/\/zonaroja.com.mx\/index.php?rest_route=\/wp\/v2\/posts\/5235\/revisions"}],"predecessor-version":[{"id":5239,"href":"https:\/\/zonaroja.com.mx\/index.php?rest_route=\/wp\/v2\/posts\/5235\/revisions\/5239"}],"wp:featuredmedia":[{"embeddable":true,"href":"https:\/\/zonaroja.com.mx\/index.php?rest_route=\/wp\/v2\/media\/5238"}],"wp:attachment":[{"href":"https:\/\/zonaroja.com.mx\/index.php?rest_route=%2Fwp%2Fv2%2Fmedia&parent=5235"}],"wp:term":[{"taxonomy":"category","embeddable":true,"href":"https:\/\/zonaroja.com.mx\/index.php?rest_route=%2Fwp%2Fv2%2Fcategories&post=5235"},{"taxonomy":"post_tag","embeddable":true,"href":"https:\/\/zonaroja.com.mx\/index.php?rest_route=%2Fwp%2Fv2%2Ftags&post=5235"}],"curies":[{"name":"wp","href":"https:\/\/api.w.org\/{rel}","templated":true}]}}