{"id":52351,"date":"2023-03-03T20:36:24","date_gmt":"2023-03-04T02:36:24","guid":{"rendered":"http:\/\/www.zonaroja.com.mx\/?p=52351"},"modified":"2023-03-03T20:36:26","modified_gmt":"2023-03-04T02:36:26","slug":"logra-fiscalia-fallo-condenatorio-contra-sujeto-que-secuestro-a-dos-ancianos","status":"publish","type":"post","link":"https:\/\/zonaroja.com.mx\/?p=52351","title":{"rendered":"Logra Fiscal\u00eda fallo condenatorio contra sujeto que secuestr\u00f3 a dos ancianos"},"content":{"rendered":"\n<p>Redacci\u00f3n\/Zona Roja.&nbsp;<\/p>\n\n\n\n<p>Oaxaca de Ju\u00e1rez, Oax., 3 de marzo de 2023.- El Tribunal de Enjuiciamiento del Poder Judicial determin\u00f3 fallo condenatorio en contra de un individuo que secuestr\u00f3 a dos adultos mayores, en la regi\u00f3n Mixteca de Oaxaca.<\/p>\n\n\n\n<p>La Fiscal\u00eda General del Estado inform\u00f3 de este logro y detall\u00f3 que se trata del individuo identificado con las iniciales M. M. N., por su responsabilidad en la comisi\u00f3n del delito de secuestro agravado.<\/p>\n\n\n\n<p>De acuerdo con un comunicado, los hechos se registraron el 15 de marzo de 2015, cuando las v\u00edctimas A. P. V. (hombre) y A. M. L. C. (mujer), salieron de su domicilio ubicado en el municipio de San Sebasti\u00e1n Tecomaxtlahuaca, para trasladarse a la ciudad de Huajuapan de Le\u00f3n, pero nunca llegaron.<\/p>\n\n\n\n<p>La familia de las v\u00edctimas recibi\u00f3 llamadas telef\u00f3nicas para exigir dinero a cambio de la liberaci\u00f3n de ambas personas, y llev\u00f3 a cabo el pago de un rescate, pero A. P. V. y A. M. L. C. no fueron puestos en libertad.<\/p>\n\n\n\n<p>Tras recibir la denuncia, la Fiscal\u00eda atrajo el caso a trav\u00e9s de la Unidad Especializada en Combate al Secuestro de la Fiscal\u00eda Especializada para la Atenci\u00f3n a Delitos de Alto Impacto, que realiz\u00f3 las investigaciones correspondientes que permitieron obtener la orden de aprehensi\u00f3n y luego del trabajo minucioso realizado por las \u00e1reas especializadas, el Tribunal de Enjuiciamiento que atiende el caso dict\u00f3 fallo condenatorio en contra del imputado.<\/p>\n\n\n\n<p>\u201cLa Fiscal\u00eda de Oaxaca est\u00e1 comprometida con la b\u00fasqueda de las penas m\u00e1ximas en contra de los responsables de delitos de alto impacto, pues laceran severamente el tejido social de nuestra entidad\u201d, detall\u00f3 la instituci\u00f3n que encabeza Bernardo Rodr\u00edguez Alamilla.<\/p>\n","protected":false},"excerpt":{"rendered":"<p>Redacci\u00f3n\/Zona Roja.&nbsp; Oaxaca de Ju\u00e1rez, Oax., 3 de marzo de 2023.- El Tribunal de Enjuiciamiento&hellip;<\/p>\n","protected":false},"author":2,"featured_media":52356,"comment_status":"closed","ping_status":"open","sticky":false,"template":"","format":"standard","meta":{"_lmt_disableupdate":"","_lmt_disable":"","_jetpack_memberships_contains_paid_content":false,"footnotes":""},"categories":[109,46],"tags":[494],"class_list":["post-52351","post","type-post","status-publish","format-standard","has-post-thumbnail","hentry","category-minuto-a-minuto","category-zona-blanca","tag-fiscalia-general-del-estado-de-oaxaca"],"jetpack_featured_media_url":"https:\/\/zonaroja.com.mx\/wp-content\/uploads\/2023\/03\/Secuestro-plagio-plagiado-secuestrado.jpeg","jetpack_sharing_enabled":true,"_links":{"self":[{"href":"https:\/\/zonaroja.com.mx\/index.php?rest_route=\/wp\/v2\/posts\/52351","targetHints":{"allow":["GET"]}}],"collection":[{"href":"https:\/\/zonaroja.com.mx\/index.php?rest_route=\/wp\/v2\/posts"}],"about":[{"href":"https:\/\/zonaroja.com.mx\/index.php?rest_route=\/wp\/v2\/types\/post"}],"author":[{"embeddable":true,"href":"https:\/\/zonaroja.com.mx\/index.php?rest_route=\/wp\/v2\/users\/2"}],"replies":[{"embeddable":true,"href":"https:\/\/zonaroja.com.mx\/index.php?rest_route=%2Fwp%2Fv2%2Fcomments&post=52351"}],"version-history":[{"count":1,"href":"https:\/\/zonaroja.com.mx\/index.php?rest_route=\/wp\/v2\/posts\/52351\/revisions"}],"predecessor-version":[{"id":52357,"href":"https:\/\/zonaroja.com.mx\/index.php?rest_route=\/wp\/v2\/posts\/52351\/revisions\/52357"}],"wp:featuredmedia":[{"embeddable":true,"href":"https:\/\/zonaroja.com.mx\/index.php?rest_route=\/wp\/v2\/media\/52356"}],"wp:attachment":[{"href":"https:\/\/zonaroja.com.mx\/index.php?rest_route=%2Fwp%2Fv2%2Fmedia&parent=52351"}],"wp:term":[{"taxonomy":"category","embeddable":true,"href":"https:\/\/zonaroja.com.mx\/index.php?rest_route=%2Fwp%2Fv2%2Fcategories&post=52351"},{"taxonomy":"post_tag","embeddable":true,"href":"https:\/\/zonaroja.com.mx\/index.php?rest_route=%2Fwp%2Fv2%2Ftags&post=52351"}],"curies":[{"name":"wp","href":"https:\/\/api.w.org\/{rel}","templated":true}]}}