{"id":52360,"date":"2023-03-04T09:59:00","date_gmt":"2023-03-04T15:59:00","guid":{"rendered":"http:\/\/www.zonaroja.com.mx\/?p=52360"},"modified":"2023-03-03T22:08:16","modified_gmt":"2023-03-04T04:08:16","slug":"designan-a-mujer-para-vicefiscalia-de-la-cuenca-tiene-23-anos-de-trayectoria","status":"publish","type":"post","link":"https:\/\/zonaroja.com.mx\/?p=52360","title":{"rendered":"Designan a mujer para Vicefiscal\u00eda de la Cuenca; tiene 23 a\u00f1os de trayectoria"},"content":{"rendered":"\n<p>Redacci\u00f3n\/Zona Roja.<\/p>\n\n\n\n<p>Oaxaca de Ju\u00e1rez, Oax., a 4 de marzo de 2023.- Los cambios contin\u00faan en la Fiscal\u00eda General del Estado de Oaxaca y desde este viernes, una mujer ocupa la Vicefiscal\u00eda Regional de la Cuenca.<\/p>\n\n\n\n<p>El responsable de la Fiscal\u00eda General de Oaxaca (FGEO), Bernardo Rodr\u00edguez Alamilla, tom\u00f3 protesta a Edith Morales Celaya como nueva vicefiscal regional en esa zona.&nbsp;<\/p>\n\n\n\n<p>El responsable de la instituci\u00f3n de procuraci\u00f3n de justicia exhort\u00f3 a la vicefiscal a conducirse bajo los principios de responsabilidad, probidad y profesionalismo, a fin de fortalecer el sistema estatal de procuraci\u00f3n de justicia, al tiempo de reconocer la trayectoria, desempe\u00f1o y compromiso que Morales Celaya ha tenido con la instituci\u00f3n.<\/p>\n\n\n\n<p>El nombramiento forma parte del proceso de reconfiguraci\u00f3n y fortalecimiento de las labores de investigaci\u00f3n y procuraci\u00f3n de justicia, a fin de brindar atenci\u00f3n integral y profesional a las personas que son v\u00edctimas de delitos y con ello, robustecer a la instituci\u00f3n con mejores resultados en favor de las oaxaque\u00f1as y oaxaque\u00f1os.&nbsp;<\/p>\n\n\n\n<p>Edith Morales Celaya ha tenido un desempe\u00f1o ejemplar en la Fiscal\u00eda General del Estado de Oaxaca en la que ha trabajado desde hace casi 23 a\u00f1os, se inform\u00f3 en un comunicado de prensa.&nbsp;<\/p>\n\n\n\n<p>Su primer cargo fue como elemento de la extinta Polic\u00eda Ministerial, de julio de 2000 hasta el 2008, a\u00f1o en que recibi\u00f3 el nombramiento de Secretaria Ministerial, cargo que desempe\u00f1\u00f3 hasta abril de 2011 cuando fue ascendida a Agente del Ministerio P\u00fablico.<\/p>\n\n\n\n<p>En noviembre de 2021, luego de 10 a\u00f1os de experiencia como Ministerio P\u00fablico, Morales Celaya asumi\u00f3 la responsabilidad al frente de la Direcci\u00f3n de Averiguaciones Previas y Procesos de la Fiscal\u00eda General de Justicia del Estado, donde labor\u00f3 hasta su m\u00e1s reciente nombramiento como Vicefiscal Regional de la Cuenca.<\/p>\n\n\n\n<p>Morales Celaya es licenciada en Derecho por la Universidad Aut\u00f3noma \u201cBenito Ju\u00e1rez\u201d de Oaxaca (UABJO), as\u00ed como el grado de maestra en Ciencias Penales, por la misma casa de estudios. La vicefiscal ha cursado diferentes diplomados en materia de derechos humanos, entre otros.<\/p>\n","protected":false},"excerpt":{"rendered":"<p>Redacci\u00f3n\/Zona Roja. Oaxaca de Ju\u00e1rez, Oax., a 4 de marzo de 2023.- Los cambios contin\u00faan&hellip;<\/p>\n","protected":false},"author":2,"featured_media":52352,"comment_status":"closed","ping_status":"open","sticky":false,"template":"","format":"standard","meta":{"_lmt_disableupdate":"","_lmt_disable":"","_jetpack_memberships_contains_paid_content":false,"footnotes":""},"categories":[109,46],"tags":[494],"class_list":["post-52360","post","type-post","status-publish","format-standard","has-post-thumbnail","hentry","category-minuto-a-minuto","category-zona-blanca","tag-fiscalia-general-del-estado-de-oaxaca"],"jetpack_featured_media_url":"https:\/\/zonaroja.com.mx\/wp-content\/uploads\/2023\/03\/Vicefiscal-Cuenca-Fiscalia-General-Bernardo-Rodriguez.jpeg","jetpack_sharing_enabled":true,"_links":{"self":[{"href":"https:\/\/zonaroja.com.mx\/index.php?rest_route=\/wp\/v2\/posts\/52360","targetHints":{"allow":["GET"]}}],"collection":[{"href":"https:\/\/zonaroja.com.mx\/index.php?rest_route=\/wp\/v2\/posts"}],"about":[{"href":"https:\/\/zonaroja.com.mx\/index.php?rest_route=\/wp\/v2\/types\/post"}],"author":[{"embeddable":true,"href":"https:\/\/zonaroja.com.mx\/index.php?rest_route=\/wp\/v2\/users\/2"}],"replies":[{"embeddable":true,"href":"https:\/\/zonaroja.com.mx\/index.php?rest_route=%2Fwp%2Fv2%2Fcomments&post=52360"}],"version-history":[{"count":1,"href":"https:\/\/zonaroja.com.mx\/index.php?rest_route=\/wp\/v2\/posts\/52360\/revisions"}],"predecessor-version":[{"id":52361,"href":"https:\/\/zonaroja.com.mx\/index.php?rest_route=\/wp\/v2\/posts\/52360\/revisions\/52361"}],"wp:featuredmedia":[{"embeddable":true,"href":"https:\/\/zonaroja.com.mx\/index.php?rest_route=\/wp\/v2\/media\/52352"}],"wp:attachment":[{"href":"https:\/\/zonaroja.com.mx\/index.php?rest_route=%2Fwp%2Fv2%2Fmedia&parent=52360"}],"wp:term":[{"taxonomy":"category","embeddable":true,"href":"https:\/\/zonaroja.com.mx\/index.php?rest_route=%2Fwp%2Fv2%2Fcategories&post=52360"},{"taxonomy":"post_tag","embeddable":true,"href":"https:\/\/zonaroja.com.mx\/index.php?rest_route=%2Fwp%2Fv2%2Ftags&post=52360"}],"curies":[{"name":"wp","href":"https:\/\/api.w.org\/{rel}","templated":true}]}}