{"id":52366,"date":"2023-03-04T10:17:00","date_gmt":"2023-03-04T16:17:00","guid":{"rendered":"http:\/\/www.zonaroja.com.mx\/?p=52366"},"modified":"2023-03-03T22:24:02","modified_gmt":"2023-03-04T04:24:02","slug":"pese-a-fallo-de-juez-continua-de-eleccion-de-comision-de-atencion-a-victimas","status":"publish","type":"post","link":"https:\/\/zonaroja.com.mx\/?p=52366","title":{"rendered":"Pese a fallo de juez, contin\u00faa de elecci\u00f3n de Comisi\u00f3n de Atenci\u00f3n a V\u00edctimas"},"content":{"rendered":"\n<p>Yuridiana Sosa\/Zona Roja.<\/p>\n\n\n\n<p>Oaxaca de Ju\u00e1rez, Oax., a 4 de marzo de 2023.- La elecci\u00f3n del titular de la Comisi\u00f3n Ejecutiva Estatal de Atenci\u00f3n Integral a V\u00edctimas sigue su ruta bajo un proceso ordenado, en el que se respeta la soberan\u00eda del Poder Legislativo, dando pauta a que el Poder Ejecutivo actual remita la terna.<\/p>\n\n\n\n<p>As\u00ed lo dio a conocer el presidente de la Junta de Coordinaci\u00f3n Pol\u00edtica del Congreso del Estado de Oaxaca, Luis Alfonso Silva Romo, luego que organismos civiles denunciaron la injerencia en el proceso de un juez federal, quien ordenaba al Legislativo considerar una antigua terna, previamente desechada, para la selecci\u00f3n de quien presidir\u00e1 la Comisi\u00f3n.<\/p>\n\n\n\n<p>Apunt\u00f3 que desde la soberan\u00eda del Congreso de Oaxaca ya se decidi\u00f3 remitir al Poder Ejecutivo la facultad de convocar, quien a su vez ya se encuentra en ese proceso, por lo que espera que se desahogue el procedimiento de consulta y posiblemente, la pr\u00f3xima semana ya se pueda elegir.<\/p>\n\n\n\n<p>Silva Romo destac\u00f3 que en este caso \u201cno importa el procedimiento, no es importa tanto las denuncias jur\u00eddicas, sino que haya una persona titular de la Comisi\u00f3n para que las personas que necesiten acceder a estos derechos de resarcimiento en virtud de ser v\u00edctimas puedan tener acceso a ellos\u201d.<\/p>\n\n\n\n<p>Sobre la elecci\u00f3n, resalt\u00f3 que es importante considerar que los candidatos y candidatas sean personas que conozcan de la materia en derechos humanos y sean sensibles a las v\u00edctimas, como lo solicitan las organizaciones y colectivos.<\/p>\n\n\n\n<p>LA QUEJA<\/p>\n\n\n\n<p>Preocupados por la posible selecci\u00f3n de un titular no id\u00f3neo para la Comisi\u00f3n Ejecutiva Estatal de Atenci\u00f3n Integral a V\u00edctimas, organismos civiles defensores de derechos humanos, activistas y v\u00edctimas se manifestaron el pasado 28 de febrero para exigir al Congreso local la reposici\u00f3n del procedimiento.<\/p>\n\n\n\n<p>Denunciaron que un juez federal ordena al Congreso de Oaxaca que se considerara la terna anterior, realizada durante el gobierno de Alejandro Murat, y desechada por el propio Legislativo por falta de idoneidad en los perfiles.<\/p>\n\n\n\n<p>Destacaron que hacer caso a dicha orden se violar\u00eda el principio de tomar en cuenta la participaci\u00f3n de organismos y personas que fungen como defensores, activistas y las v\u00edctimas de hechos, pues durante el proceso actual participaron en las entrevistas a los postulantes, lo cual no ocurri\u00f3 en procesos anteriores.<\/p>\n\n\n\n<figure class=\"wp-block-embed is-type-rich is-provider-twitter wp-block-embed-twitter\"><div class=\"wp-block-embed__wrapper\">\n<div class=\"twitter-tweet\"><blockquote class=\"twitter-tweet\" data-lang=\"es\"><p lang=\"es\" dir=\"ltr\">Acerca de la queja de organismos sobre la elecci\u00f3n de la Comisi\u00f3n de Atenci\u00f3n a V\u00edctimas, el presidente la Jucopo del <a href=\"https:\/\/twitter.com\/CongresoOaxaca_?ref_src=twsrc%5Etfw\">@CongresoOaxaca_<\/a>, <a href=\"https:\/\/twitter.com\/LUISALFONSOSR?ref_src=twsrc%5Etfw\">@luisalfonsosr<\/a>, inform\u00f3 que el Legislativo local goza de soberan\u00eda y ya remiti\u00f3 al Ejecutivo su facultad de convocar al proceso de elecci\u00f3n. <a href=\"https:\/\/t.co\/rkKuadA5lk\">pic.twitter.com\/rkKuadA5lk<\/a><\/p>&mdash; Zona Roja Oaxaca (@ZonaRoja_Oaxaca) <a href=\"https:\/\/twitter.com\/ZonaRoja_Oaxaca\/status\/1631708108799217665?ref_src=twsrc%5Etfw\">3 de marzo de 2023<\/a><\/blockquote><\/div>\n<\/div><\/figure>\n","protected":false},"excerpt":{"rendered":"<p>Yuridiana Sosa\/Zona Roja. Oaxaca de Ju\u00e1rez, Oax., a 4 de marzo de 2023.- La elecci\u00f3n&hellip;<\/p>\n","protected":false},"author":2,"featured_media":52367,"comment_status":"closed","ping_status":"open","sticky":false,"template":"","format":"standard","meta":{"_lmt_disableupdate":"","_lmt_disable":"","_jetpack_memberships_contains_paid_content":false,"footnotes":""},"categories":[109,46],"tags":[2721],"class_list":["post-52366","post","type-post","status-publish","format-standard","has-post-thumbnail","hentry","category-minuto-a-minuto","category-zona-blanca","tag-luis-alfonso-silva-romo"],"jetpack_featured_media_url":"https:\/\/zonaroja.com.mx\/wp-content\/uploads\/2023\/03\/Luis-Alfonso-Silva.jpeg","jetpack_sharing_enabled":true,"_links":{"self":[{"href":"https:\/\/zonaroja.com.mx\/index.php?rest_route=\/wp\/v2\/posts\/52366","targetHints":{"allow":["GET"]}}],"collection":[{"href":"https:\/\/zonaroja.com.mx\/index.php?rest_route=\/wp\/v2\/posts"}],"about":[{"href":"https:\/\/zonaroja.com.mx\/index.php?rest_route=\/wp\/v2\/types\/post"}],"author":[{"embeddable":true,"href":"https:\/\/zonaroja.com.mx\/index.php?rest_route=\/wp\/v2\/users\/2"}],"replies":[{"embeddable":true,"href":"https:\/\/zonaroja.com.mx\/index.php?rest_route=%2Fwp%2Fv2%2Fcomments&post=52366"}],"version-history":[{"count":1,"href":"https:\/\/zonaroja.com.mx\/index.php?rest_route=\/wp\/v2\/posts\/52366\/revisions"}],"predecessor-version":[{"id":52368,"href":"https:\/\/zonaroja.com.mx\/index.php?rest_route=\/wp\/v2\/posts\/52366\/revisions\/52368"}],"wp:featuredmedia":[{"embeddable":true,"href":"https:\/\/zonaroja.com.mx\/index.php?rest_route=\/wp\/v2\/media\/52367"}],"wp:attachment":[{"href":"https:\/\/zonaroja.com.mx\/index.php?rest_route=%2Fwp%2Fv2%2Fmedia&parent=52366"}],"wp:term":[{"taxonomy":"category","embeddable":true,"href":"https:\/\/zonaroja.com.mx\/index.php?rest_route=%2Fwp%2Fv2%2Fcategories&post=52366"},{"taxonomy":"post_tag","embeddable":true,"href":"https:\/\/zonaroja.com.mx\/index.php?rest_route=%2Fwp%2Fv2%2Ftags&post=52366"}],"curies":[{"name":"wp","href":"https:\/\/api.w.org\/{rel}","templated":true}]}}