{"id":52369,"date":"2023-03-04T11:51:00","date_gmt":"2023-03-04T17:51:00","guid":{"rendered":"http:\/\/www.zonaroja.com.mx\/?p=52369"},"modified":"2023-03-04T06:54:30","modified_gmt":"2023-03-04T12:54:30","slug":"dara-congreso-medalla-maria-cristina-salmoran-a-margarita-dalton","status":"publish","type":"post","link":"https:\/\/zonaroja.com.mx\/?p=52369","title":{"rendered":"Dar\u00e1 Congreso medalla \u201cMar\u00eda Cristina Salmor\u00e1n\u201d a Margarita Dalton"},"content":{"rendered":"\n<p>Redacci\u00f3n\/Zona Roja.<\/p>\n\n\n\n<p>Oaxaca de Ju\u00e1rez, Oax., a 4 de marzo de 2023.- La 65 Legislatura del Congreso local eligi\u00f3, a trav\u00e9s de una votaci\u00f3n en sesi\u00f3n ordinaria, a la ganadora del reconocimiento \u201cMar\u00eda Cristina Salmor\u00e1n\u201d, el cual se entrega a una mujer u organizaci\u00f3n social por su destacado trabajo en materia de igualdad de g\u00e9nero y derechos de la mujer.<\/p>\n\n\n\n<p>En esta ocasi\u00f3n, la terna estuvo conformada por tres candidatas: Margarita Dalton Palomo, Mariana Y\u00e1\u00f1ez Unda y Elizabeth Ben\u00edtez Crist\u00f3bal, a quienes se les reconoce su labor para la promoci\u00f3n, defensa, ejercicio, protecci\u00f3n e investigaci\u00f3n en temas de g\u00e9nero y derechos de la mujer.<\/p>\n\n\n\n<p>Por decisi\u00f3n un\u00e1nime, el pleno parlamentario decidi\u00f3 otorgar este reconocimiento a Margarita Dalton Palomo, por su gran trayectoria como investigadora en el Centro de Investigaciones y Estudios Superiores en Antropolog\u00eda Social, adem\u00e1s de su notable experiencia como directora de la Facultad de Humanidades de la Universidad Aut\u00f3noma \u201cBenito Ju\u00e1rez\u201d de Oaxaca.<\/p>\n\n\n\n<p>Margarita Dalton cuenta con m\u00faltiples publicaciones, entre ellas novelas, poes\u00edas y cuentos, adem\u00e1s de formar parte del Grupo de Estudios sobre la Mujer \u00abRosario Castellanos\u00bb, mediante el cual en 1991 inaugur\u00f3 la Casa de la Mujer, un refugio para quienes sufrieron violencia y abuso.<\/p>\n\n\n\n<p>Este reconocimiento ser\u00e1 entregado a Dalton Palomo el pr\u00f3ximo 8 de marzo en el marco del D\u00eda Internacional de la Mujer, en el Congreso del Estado.<\/p>\n","protected":false},"excerpt":{"rendered":"<p>Redacci\u00f3n\/Zona Roja. Oaxaca de Ju\u00e1rez, Oax., a 4 de marzo de 2023.- La 65 Legislatura&hellip;<\/p>\n","protected":false},"author":2,"featured_media":52371,"comment_status":"closed","ping_status":"open","sticky":false,"template":"","format":"standard","meta":{"_lmt_disableupdate":"","_lmt_disable":"","_jetpack_memberships_contains_paid_content":false,"footnotes":""},"categories":[109,46],"tags":[2743],"class_list":["post-52369","post","type-post","status-publish","format-standard","has-post-thumbnail","hentry","category-minuto-a-minuto","category-zona-blanca","tag-65-legislatura-del-estado-de-oaxaca"],"jetpack_featured_media_url":"https:\/\/zonaroja.com.mx\/wp-content\/uploads\/2023\/03\/Margarita-Dalton-Palomo.jpeg","jetpack_sharing_enabled":true,"_links":{"self":[{"href":"https:\/\/zonaroja.com.mx\/index.php?rest_route=\/wp\/v2\/posts\/52369","targetHints":{"allow":["GET"]}}],"collection":[{"href":"https:\/\/zonaroja.com.mx\/index.php?rest_route=\/wp\/v2\/posts"}],"about":[{"href":"https:\/\/zonaroja.com.mx\/index.php?rest_route=\/wp\/v2\/types\/post"}],"author":[{"embeddable":true,"href":"https:\/\/zonaroja.com.mx\/index.php?rest_route=\/wp\/v2\/users\/2"}],"replies":[{"embeddable":true,"href":"https:\/\/zonaroja.com.mx\/index.php?rest_route=%2Fwp%2Fv2%2Fcomments&post=52369"}],"version-history":[{"count":1,"href":"https:\/\/zonaroja.com.mx\/index.php?rest_route=\/wp\/v2\/posts\/52369\/revisions"}],"predecessor-version":[{"id":52372,"href":"https:\/\/zonaroja.com.mx\/index.php?rest_route=\/wp\/v2\/posts\/52369\/revisions\/52372"}],"wp:featuredmedia":[{"embeddable":true,"href":"https:\/\/zonaroja.com.mx\/index.php?rest_route=\/wp\/v2\/media\/52371"}],"wp:attachment":[{"href":"https:\/\/zonaroja.com.mx\/index.php?rest_route=%2Fwp%2Fv2%2Fmedia&parent=52369"}],"wp:term":[{"taxonomy":"category","embeddable":true,"href":"https:\/\/zonaroja.com.mx\/index.php?rest_route=%2Fwp%2Fv2%2Fcategories&post=52369"},{"taxonomy":"post_tag","embeddable":true,"href":"https:\/\/zonaroja.com.mx\/index.php?rest_route=%2Fwp%2Fv2%2Ftags&post=52369"}],"curies":[{"name":"wp","href":"https:\/\/api.w.org\/{rel}","templated":true}]}}