{"id":52382,"date":"2023-03-04T09:30:00","date_gmt":"2023-03-04T15:30:00","guid":{"rendered":"http:\/\/www.zonaroja.com.mx\/?p=52382"},"modified":"2023-03-04T07:25:42","modified_gmt":"2023-03-04T13:25:42","slug":"efecto-del-plan-b-renuncian-integrantes-de-la-junta-ejecutiva-del-ine","status":"publish","type":"post","link":"https:\/\/zonaroja.com.mx\/?p=52382","title":{"rendered":"Efecto del \u201cPlan B\u201d, renuncian integrantes de la Junta Ejecutiva del INE"},"content":{"rendered":"\n<p>Redacci\u00f3n\/Zona Roja Cdmx.<\/p>\n\n\n\n<p>Ciudad de M\u00e9xico, a 4 de marzo de 2023.- Miembros de la&nbsp;Junta General Ejecutiva Ampliada&nbsp;del&nbsp;Instituto Nacional Electoral&nbsp;(INE) presentaron este viernes su renuncia al consejero presidente,&nbsp;Lorenzo C\u00f3rdova Vianello, tras la promulgaci\u00f3n del \u201cPlan B\u201d electoral, que elimina dicho departamento.<\/p>\n\n\n\n<p>Tras ello, el&nbsp;Consejo General design\u00f3 a&nbsp;Roberto Heycher Cardiel Soto&nbsp;como&nbsp;encargado de despacho&nbsp;de la&nbsp;Secretar\u00eda Ejecutiva, luego de que fuera destituido&nbsp;Edmundo Jacobo Molina&nbsp;derivado de la entrada en vigor de la Reforma Electoral&nbsp;del presidente&nbsp;Andr\u00e9s Manuel L\u00f3pez Obrador.<\/p>\n\n\n\n<p>Las renuncias se presentaron para dejar en completa libertad a la nueva Presidencia del&nbsp;Instituto Nacional Electoral, que llegar\u00e1 el 4 de abril, de proponer a qui\u00e9nes encabezar\u00e1n las&nbsp;\u00e1reas ejecutivas&nbsp;y&nbsp;t\u00e9cnicas del organismo.<\/p>\n\n\n\n<p>PASADO OAXAQUE\u00d1O<\/p>\n\n\n\n<p>Ayer, en medio de un acalorado debate entre consejeros y representantes del partido&nbsp;Morena, el consejero presidente del&nbsp;INE,&nbsp;Lorenzo C\u00f3rdova, fue el encargado de tomar la protesta a&nbsp;Cardiel Soto, confiando en que Jacobo Molina regrese a su puesto si la Suprema Corte de Justicia de la Naci\u00f3n (SCJN) as\u00ed lo decide.<\/p>\n\n\n\n<p>\u201cUsted estar\u00e1 en los d\u00edas que ocupe esta funci\u00f3n hasta que el orden constitucional y democr\u00e1tico sea restaurado a la altura del licenciado Edmundo Jacobo Molina\u201d, afirm\u00f3 C\u00f3rdova Vianello.<\/p>\n\n\n\n<p>\u201cTal es el temor al profesionalismo, capacidad, dedicaci\u00f3n, integridad y rectitud de un servidor p\u00fablico ejemplar que el primer efecto de la reforma, incluso antes de entrar en vigor, es destituir inconstitucionalmente a quienes ha sido por 14 a\u00f1os Secretario Ejecutivo de este Instituto y que, estoy seguro, pronto retomar\u00e1 esa funci\u00f3n\u201d, sostuvo.<\/p>\n\n\n\n<p>Hasta el 2 de marzo el d\u00eda de la publicaci\u00f3n del decreto, Heycher era director Ejecutivo de Capacitaci\u00f3n Electoral y&nbsp;Educaci\u00f3n C\u00edvica en el Instituto Nacional Electoral, organismo en el que hab\u00eda prestado servicios desde 2003 desempe\u00f1ando el cargo de Vocal Ejecutivo de Oaxaca y Coahuila hasta llegar al Servicio Profesional Electoral.<\/p>\n\n\n\n<p>Tiene una trayectoria acad\u00e9mica impartiendo cursos referentes al Sistema Pol\u00edtico Mexicano, Campa\u00f1as electorales y marketing, entre otras en la Universidad Aut\u00f3noma \u201cBenito Ju\u00e1rez\u201d de Oaxaca y la Universidad \u201cJos\u00e9 Vasconcelos\u201d.<\/p>\n\n\n\n<p>\u201cNO AFECTA DEMOCRACIA\u00bb<\/p>\n\n\n\n<p>El presidente&nbsp;Andr\u00e9s Manuel L\u00f3pez Obrador&nbsp;neg\u00f3 ayer que su reforma electoral, conocida como \u201cPlan B\u201d y que entr\u00f3 en vigor este viernes, afecte la&nbsp;democracia&nbsp;y los&nbsp;comiciospese a las crecientes alertas de especialistas en M\u00e9xico y el extranjero.<\/p>\n\n\n\n<p>\u201cTodo es un pretexto de los conservadores corruptos para enfrentar al gobierno porque no hay ninguna afectaci\u00f3n a los procesos electorales, mucho menos a la democracia, al contrario\u201d, expuso el mandatario en su&nbsp;rueda de prensa diaria.<\/p>\n\n\n\n<p>El presidente defendi\u00f3 su \u201cPlan B\u201d, como se llama al nuevo paquete de reformas legales que propuso despu\u00e9s de que el a\u00f1o pasado fracas\u00f3 su iniciativa constitucional que buscaba reemplazar al&nbsp;Instituto Nacional Electoral&nbsp;(INE), el \u00f3rgano aut\u00f3nomo que organiza las elecciones.<\/p>\n\n\n\n<p>La reforma recorta 3 mil 500 millones de pesos, elimina el 85 por ciento del servicio profesional electoral, y permite al Ejecutivo intervenir en el padr\u00f3n electoral, lo que afectar\u00eda las elecciones presidenciales de 2024, advirti\u00f3 un&nbsp;an\u00e1lisis&nbsp;del Instituto de Investigaciones Jur\u00eddicas de la UNAM.<\/p>\n\n\n\n<p>Pero L\u00f3pez Obrador asegur\u00f3 que la reforma \u201ces para que haya jueces, consejeros, honestos, \u00edntegros, incorruptibles, y que no cuesten tanto los aparatos burocr\u00e1ticos, que no le cuesten tanto al pueblo\u201d.<\/p>\n\n\n\n<p>La&nbsp;reforma electoral, cuya constitucionalidad ahora analizar\u00e1 la Suprema Corte de Justicia de la Naci\u00f3n (SCJN), despert\u00f3 la semana pasada cuestionamientos del Departamento de Estado de Estados Unidos y congresistas estadounidenses.<\/p>\n\n\n\n<p>(Con informaci\u00f3n de L\u00f3pez-D\u00f3riga Digital)<\/p>\n","protected":false},"excerpt":{"rendered":"<p>Redacci\u00f3n\/Zona Roja Cdmx. Ciudad de M\u00e9xico, a 4 de marzo de 2023.- Miembros de la&nbsp;Junta&hellip;<\/p>\n","protected":false},"author":2,"featured_media":52383,"comment_status":"closed","ping_status":"open","sticky":false,"template":"","format":"standard","meta":{"_lmt_disableupdate":"","_lmt_disable":"","_jetpack_memberships_contains_paid_content":false,"footnotes":""},"categories":[109,46],"tags":[2764],"class_list":["post-52382","post","type-post","status-publish","format-standard","has-post-thumbnail","hentry","category-minuto-a-minuto","category-zona-blanca","tag-instituto-nacional-electoral-ine"],"jetpack_featured_media_url":"https:\/\/zonaroja.com.mx\/wp-content\/uploads\/2023\/03\/Roberto-Heycher-INE.jpeg","jetpack_sharing_enabled":true,"_links":{"self":[{"href":"https:\/\/zonaroja.com.mx\/index.php?rest_route=\/wp\/v2\/posts\/52382","targetHints":{"allow":["GET"]}}],"collection":[{"href":"https:\/\/zonaroja.com.mx\/index.php?rest_route=\/wp\/v2\/posts"}],"about":[{"href":"https:\/\/zonaroja.com.mx\/index.php?rest_route=\/wp\/v2\/types\/post"}],"author":[{"embeddable":true,"href":"https:\/\/zonaroja.com.mx\/index.php?rest_route=\/wp\/v2\/users\/2"}],"replies":[{"embeddable":true,"href":"https:\/\/zonaroja.com.mx\/index.php?rest_route=%2Fwp%2Fv2%2Fcomments&post=52382"}],"version-history":[{"count":1,"href":"https:\/\/zonaroja.com.mx\/index.php?rest_route=\/wp\/v2\/posts\/52382\/revisions"}],"predecessor-version":[{"id":52384,"href":"https:\/\/zonaroja.com.mx\/index.php?rest_route=\/wp\/v2\/posts\/52382\/revisions\/52384"}],"wp:featuredmedia":[{"embeddable":true,"href":"https:\/\/zonaroja.com.mx\/index.php?rest_route=\/wp\/v2\/media\/52383"}],"wp:attachment":[{"href":"https:\/\/zonaroja.com.mx\/index.php?rest_route=%2Fwp%2Fv2%2Fmedia&parent=52382"}],"wp:term":[{"taxonomy":"category","embeddable":true,"href":"https:\/\/zonaroja.com.mx\/index.php?rest_route=%2Fwp%2Fv2%2Fcategories&post=52382"},{"taxonomy":"post_tag","embeddable":true,"href":"https:\/\/zonaroja.com.mx\/index.php?rest_route=%2Fwp%2Fv2%2Ftags&post=52382"}],"curies":[{"name":"wp","href":"https:\/\/api.w.org\/{rel}","templated":true}]}}