{"id":52385,"date":"2023-03-04T10:26:00","date_gmt":"2023-03-04T16:26:00","guid":{"rendered":"http:\/\/www.zonaroja.com.mx\/?p=52385"},"modified":"2023-03-04T07:33:24","modified_gmt":"2023-03-04T13:33:24","slug":"impulsa-el-dif-municipal-de-santa-lucia-del-camino-la-economia-familiar","status":"publish","type":"post","link":"https:\/\/zonaroja.com.mx\/?p=52385","title":{"rendered":"Impulsa el DIF municipal de Santa Luc\u00eda del Camino la econom\u00eda familiar"},"content":{"rendered":"\n<p>Redacci\u00f3n\/Zona Roja.<\/p>\n\n\n\n<p>Oaxaca de Ju\u00e1rez, Oax., a 4 de marzo de 2023.-El Sistema DIF Municipal de Santa Luc\u00eda del Camino trabaja constantemente en encontrar las herramientas para que hombres y mujeres del municipio, puedan mejorar la econom\u00eda de sus hogares.<\/p>\n\n\n\n<p>Por este motivo, la presidenta honoraria del DIF Municipal, Bety Santos, inaugur\u00f3 el taller de bordado, el cual ser\u00e1 impartido por el Instituto de Capacitaci\u00f3n y Productividad para el Trabajo del Estado de Oaxaca (Icapet), en coordinaci\u00f3n con la Casa de la Cultura de Santa Luc\u00eda del Camino.<\/p>\n\n\n\n<p>Resultado de las gestiones de Bety Santos, junto con el presidente municipal Juan Carlos Garc\u00eda M\u00e1rquez, dicho curso que consta de cien horas de aprendizaje, ser\u00e1 totalmente gratuito para las y los ciudadanos, toda vez que el Ayuntamiento ser\u00e1 el encargado de cubrir el costo del mismo, para as\u00ed ayudar en la econom\u00eda de los hogares.<\/p>\n\n\n\n<p>En este sentido, la presidenta del DIF municipal agradeci\u00f3 el trabajo del director de la Casa de la Cultura de Santa Luc\u00eda del Camino, por su compromiso para encontrar oportunidades que permitan un mejor aprendizaje y capacitaci\u00f3n de la ciudadan\u00eda.<\/p>\n\n\n\n<p>\u201cSiempre estamos buscando el bienestar de las mujeres, de las ni\u00f1as y ni\u00f1os, y tambi\u00e9n de los padres de casa\u201d, reiter\u00f3 Bety Santos al tiempo que asegur\u00f3 que la administraci\u00f3n que encabeza Juan Carlos Garc\u00eda M\u00e1rquez trabaja constantemente a favor del bienestar de las familias.<\/p>\n\n\n\n<figure class=\"wp-block-embed is-type-rich is-provider-twitter wp-block-embed-twitter\"><div class=\"wp-block-embed__wrapper\">\n<div class=\"twitter-tweet\"><blockquote class=\"twitter-tweet\" data-lang=\"es\"><p lang=\"es\" dir=\"ltr\">Hoy dimos inicio al taller de bordado que realiza la Direcci\u00f3n de Cultura y el <a href=\"https:\/\/twitter.com\/ICAPET_GobOax?ref_src=twsrc%5Etfw\">@ICAPET_GobOax<\/a>, donde mujeres entusiastas aprender\u00e1n a bordar el estilo de San Antonino Castillo Velasco; nuestra cultura tambi\u00e9n se refleja en la vestimenta. \u00a1Bienvenidas y \u00e9xito! <a href=\"https:\/\/twitter.com\/hashtag\/SantaLuc%C3%ADaDelCamino?src=hash&amp;ref_src=twsrc%5Etfw\">#SantaLuc\u00edaDelCamino<\/a> <a href=\"https:\/\/t.co\/DOkitfuchj\">pic.twitter.com\/DOkitfuchj<\/a><\/p>&mdash; Bety Santos (@BetySantos_) <a href=\"https:\/\/twitter.com\/BetySantos_\/status\/1631713211333640193?ref_src=twsrc%5Etfw\">3 de marzo de 2023<\/a><\/blockquote><\/div>\n<\/div><\/figure>\n","protected":false},"excerpt":{"rendered":"<p>Redacci\u00f3n\/Zona Roja. Oaxaca de Ju\u00e1rez, Oax., a 4 de marzo de 2023.-El Sistema DIF Municipal&hellip;<\/p>\n","protected":false},"author":2,"featured_media":52387,"comment_status":"closed","ping_status":"open","sticky":false,"template":"","format":"standard","meta":{"_lmt_disableupdate":"","_lmt_disable":"","_jetpack_memberships_contains_paid_content":false,"footnotes":""},"categories":[109,46],"tags":[337],"class_list":["post-52385","post","type-post","status-publish","format-standard","has-post-thumbnail","hentry","category-minuto-a-minuto","category-zona-blanca","tag-santa-lucia-del-camino"],"jetpack_featured_media_url":"https:\/\/zonaroja.com.mx\/wp-content\/uploads\/2023\/03\/Bety-Santos-Santa-Lucia.jpeg","jetpack_sharing_enabled":true,"_links":{"self":[{"href":"https:\/\/zonaroja.com.mx\/index.php?rest_route=\/wp\/v2\/posts\/52385","targetHints":{"allow":["GET"]}}],"collection":[{"href":"https:\/\/zonaroja.com.mx\/index.php?rest_route=\/wp\/v2\/posts"}],"about":[{"href":"https:\/\/zonaroja.com.mx\/index.php?rest_route=\/wp\/v2\/types\/post"}],"author":[{"embeddable":true,"href":"https:\/\/zonaroja.com.mx\/index.php?rest_route=\/wp\/v2\/users\/2"}],"replies":[{"embeddable":true,"href":"https:\/\/zonaroja.com.mx\/index.php?rest_route=%2Fwp%2Fv2%2Fcomments&post=52385"}],"version-history":[{"count":1,"href":"https:\/\/zonaroja.com.mx\/index.php?rest_route=\/wp\/v2\/posts\/52385\/revisions"}],"predecessor-version":[{"id":52388,"href":"https:\/\/zonaroja.com.mx\/index.php?rest_route=\/wp\/v2\/posts\/52385\/revisions\/52388"}],"wp:featuredmedia":[{"embeddable":true,"href":"https:\/\/zonaroja.com.mx\/index.php?rest_route=\/wp\/v2\/media\/52387"}],"wp:attachment":[{"href":"https:\/\/zonaroja.com.mx\/index.php?rest_route=%2Fwp%2Fv2%2Fmedia&parent=52385"}],"wp:term":[{"taxonomy":"category","embeddable":true,"href":"https:\/\/zonaroja.com.mx\/index.php?rest_route=%2Fwp%2Fv2%2Fcategories&post=52385"},{"taxonomy":"post_tag","embeddable":true,"href":"https:\/\/zonaroja.com.mx\/index.php?rest_route=%2Fwp%2Fv2%2Ftags&post=52385"}],"curies":[{"name":"wp","href":"https:\/\/api.w.org\/{rel}","templated":true}]}}