{"id":52389,"date":"2023-03-04T11:00:00","date_gmt":"2023-03-04T17:00:00","guid":{"rendered":"http:\/\/www.zonaroja.com.mx\/?p=52389"},"modified":"2023-03-04T07:36:24","modified_gmt":"2023-03-04T13:36:24","slug":"tiendita-movil-del-dif-xoxocotlan-beneficia-a-familias-de-escasos-recursos","status":"publish","type":"post","link":"https:\/\/zonaroja.com.mx\/?p=52389","title":{"rendered":"Tiendita M\u00f3vil del DIF Xoxocotl\u00e1n beneficia a familias de escasos recursos"},"content":{"rendered":"\n<p>Redacci\u00f3n\/Zona Roja.<\/p>\n\n\n\n<p>Oaxaca de Ju\u00e1rez, Oax., a 4 de marzo de 2023.- &nbsp;Productos de la canasta b\u00e1sica a bajo costo llegar\u00e1n a las colonias de Santa Cruz Xoxocotl\u00e1n, a trav\u00e9s de la Tiendita M\u00f3vil del DIF Municipal, que inici\u00f3 su recorrido en la colonia Benem\u00e9rito de Las Am\u00e9ricas.<\/p>\n\n\n\n<p>El objetivo es contribuir a mejor la econom\u00eda familiar, por ello el presidente municipal de Santa Cruz Xoxocotl\u00e1n, el doctor \u201cChente\u201d Castellanos ech\u00f3 a andar este programa a trav\u00e9s del DIF Municipal que encabeza Eric Ortiz Hern\u00e1ndez.<\/p>\n\n\n\n<p>\u00abLas familias podr\u00e1n encontrar aceite, pastas, jab\u00f3n, papel de ba\u00f1o y una gran variedad de productos para el hogar, para contribuir a mejorar su alimentaci\u00f3n y su calidad de vida\u00bb, destac\u00f3.<\/p>\n\n\n\n<p>Indic\u00f3 que todo lo que se oferta en esta Tiendita M\u00f3vil del DIF Xoxocotl\u00e1n es de calidad y a bajo costo, pues record\u00f3 que actualmente el bolsillo de las familias se ha visto golpeado por la inflaci\u00f3n que se vive a nivel nacional.<\/p>\n\n\n\n<p>\u00abHoy quiero que sepan que unidos vamos a salir adelante, porque vamos a continuar generando acciones que mejoren su econom\u00eda familiar, para que en las casas no falte comida, ni sustento\u00bb, indic\u00f3 el edil<\/p>\n\n\n\n<p>Por su parte, el presidente Honorario del DIF Xoxocotl\u00e1n, Eric Ortiz Hern\u00e1ndez, invit\u00f3 a las familias a estar pendientes de la ruta de la Tiendita M\u00f3vil del DIF Municipal, las cual se estar\u00e1 compartiendo a trav\u00e9s de las redes sociales oficiales.<\/p>\n\n\n\n<p>\u00abVamos a seguir ayudando a todos, acerc\u00e1ndoles nuestros servicios y los programas que implementamos para seguir avanzando unidos y en familia hacia el bienestar\u00bb.<\/p>\n\n\n\n<p>Este s\u00e1bado 4 de marzo, de las 10 de la ma\u00f1ana a las 2 de la tarde, la Tiendita DIF llegar\u00e1 a la Casa de Asambleas de la colonia Tenochtitl\u00e1n de Santa Cruz Xoxocotl\u00e1n.<\/p>\n\n\n\n<figure class=\"wp-block-embed is-type-rich is-provider-twitter wp-block-embed-twitter\"><div class=\"wp-block-embed__wrapper\">\n<div class=\"twitter-tweet\"><blockquote class=\"twitter-tweet\" data-lang=\"es\"><p lang=\"es\" dir=\"ltr\">Con la finalidad de apoyar la econom\u00eda familiar, el <a href=\"https:\/\/twitter.com\/GobXoxocotlan?ref_src=twsrc%5Etfw\">@GobXoxocotlan<\/a>, a trav\u00e9s del <a href=\"https:\/\/twitter.com\/XoxocotlanDIF?ref_src=twsrc%5Etfw\">@XoxocotlanDIF<\/a>, llev\u00f3 la Tienda M\u00f3vil, con art\u00edculos b\u00e1sicos, a la colonia Benem\u00e9rito de las Am\u00e9ricas, inform\u00f3 el edil <a href=\"https:\/\/twitter.com\/DrCCastellanos?ref_src=twsrc%5Etfw\">@DrCCastellanos<\/a>. <a href=\"https:\/\/t.co\/iBm5QCynQo\">pic.twitter.com\/iBm5QCynQo<\/a><\/p>&mdash; Zona Roja Oaxaca (@ZonaRoja_Oaxaca) <a href=\"https:\/\/twitter.com\/ZonaRoja_Oaxaca\/status\/1631852946492145665?ref_src=twsrc%5Etfw\">4 de marzo de 2023<\/a><\/blockquote><\/div>\n<\/div><\/figure>\n","protected":false},"excerpt":{"rendered":"<p>Redacci\u00f3n\/Zona Roja. Oaxaca de Ju\u00e1rez, Oax., a 4 de marzo de 2023.- &nbsp;Productos de la&hellip;<\/p>\n","protected":false},"author":2,"featured_media":52386,"comment_status":"closed","ping_status":"open","sticky":false,"template":"","format":"standard","meta":{"_lmt_disableupdate":"","_lmt_disable":"","_jetpack_memberships_contains_paid_content":false,"footnotes":""},"categories":[109,46],"tags":[3066,133],"class_list":["post-52389","post","type-post","status-publish","format-standard","has-post-thumbnail","hentry","category-minuto-a-minuto","category-zona-blanca","tag-inocente-castellanos-alejos","tag-santa-cruz-xoxocotlan"],"jetpack_featured_media_url":"https:\/\/zonaroja.com.mx\/wp-content\/uploads\/2023\/03\/Inocente-Castellanos-Xoxocotlan-tienda-movil.jpg","jetpack_sharing_enabled":true,"_links":{"self":[{"href":"https:\/\/zonaroja.com.mx\/index.php?rest_route=\/wp\/v2\/posts\/52389","targetHints":{"allow":["GET"]}}],"collection":[{"href":"https:\/\/zonaroja.com.mx\/index.php?rest_route=\/wp\/v2\/posts"}],"about":[{"href":"https:\/\/zonaroja.com.mx\/index.php?rest_route=\/wp\/v2\/types\/post"}],"author":[{"embeddable":true,"href":"https:\/\/zonaroja.com.mx\/index.php?rest_route=\/wp\/v2\/users\/2"}],"replies":[{"embeddable":true,"href":"https:\/\/zonaroja.com.mx\/index.php?rest_route=%2Fwp%2Fv2%2Fcomments&post=52389"}],"version-history":[{"count":1,"href":"https:\/\/zonaroja.com.mx\/index.php?rest_route=\/wp\/v2\/posts\/52389\/revisions"}],"predecessor-version":[{"id":52390,"href":"https:\/\/zonaroja.com.mx\/index.php?rest_route=\/wp\/v2\/posts\/52389\/revisions\/52390"}],"wp:featuredmedia":[{"embeddable":true,"href":"https:\/\/zonaroja.com.mx\/index.php?rest_route=\/wp\/v2\/media\/52386"}],"wp:attachment":[{"href":"https:\/\/zonaroja.com.mx\/index.php?rest_route=%2Fwp%2Fv2%2Fmedia&parent=52389"}],"wp:term":[{"taxonomy":"category","embeddable":true,"href":"https:\/\/zonaroja.com.mx\/index.php?rest_route=%2Fwp%2Fv2%2Fcategories&post=52389"},{"taxonomy":"post_tag","embeddable":true,"href":"https:\/\/zonaroja.com.mx\/index.php?rest_route=%2Fwp%2Fv2%2Ftags&post=52389"}],"curies":[{"name":"wp","href":"https:\/\/api.w.org\/{rel}","templated":true}]}}