{"id":52391,"date":"2023-03-06T08:00:00","date_gmt":"2023-03-06T14:00:00","guid":{"rendered":"http:\/\/www.zonaroja.com.mx\/?p=52391"},"modified":"2023-03-05T17:25:43","modified_gmt":"2023-03-05T23:25:43","slug":"suma-esfuerzos-poder-judicial-con-ciesas-en-torno-a-justicia-indigena","status":"publish","type":"post","link":"https:\/\/zonaroja.com.mx\/?p=52391","title":{"rendered":"Suma esfuerzos Poder Judicial con CIESAS en torno a Justicia Ind\u00edgena"},"content":{"rendered":"\n<p>Redacci\u00f3n\/Zona Roja.<\/p>\n\n\n\n<p>Oaxaca de Ju\u00e1rez, Oax., a 6 de marzo de 2023.- \u201cEl Estado Mexicano debe respetar y garantizar, as\u00ed como hacer los cambios legislativos e institucionales a favor de los derechos ind\u00edgenas. No asumir esta responsabilidad pone en riesgo la permanencia de la comunidad\u201d, afirm\u00f3 el titular del Poder Judicial del Estado, magistrado Eduardo Pinacho S\u00e1nchez. <\/p>\n\n\n\n<p>Con motivo del S\u00e9ptimo Aniversario&nbsp;de la Sala de Justicia Ind\u00edgena y Quinta Sala Penal Unitaria del Tribunal Superior de Justicia del Estado (TSJO), el Magistrado Presidente&nbsp;particip\u00f3 en la presentaci\u00f3n del libro \u201cLos M\u00faltiples Rostros de la Ciudadan\u00eda\u201d, de la autor\u00eda del doctor&nbsp;V\u00edctor Leonel Juan Mart\u00ednez,&nbsp;investigador del Centro de Investigaciones y Estudios Superiores en Antropolog\u00eda&nbsp;Social&nbsp;(CIESAS-Pac\u00edfico Sur).<\/p>\n\n\n\n<p>En su intervenci\u00f3n en el evento&nbsp;realizado en la Casa de la Ciudad, donde estuvo acompa\u00f1ado del presidente de esa instancia, que qued\u00f3 formalmente instalada el uno de marzo de 2016, magistrado Enrique Cordero Aguilar y&nbsp;de&nbsp;la directora regional del CIESAS, doctora Erica Gonz\u00e1lez Apodaca,&nbsp;dio a conocer el inicio del Seminario&nbsp;Permanente&nbsp;denominado: En los cursos de la justicia ind\u00edgena desde lo global y local.&nbsp;<\/p>\n\n\n\n<p>Esta actividad,&nbsp;de la que forma parte la presentaci\u00f3n de la obra&nbsp;\u201cLos M\u00faltiples Rostros de la Ciudadan\u00eda\u201d,&nbsp;permitir\u00e1 reflexionar sobre la&nbsp;multiculturalidad,&nbsp;representaci\u00f3n&nbsp;pol\u00edtica y poder;&nbsp;as\u00ed como&nbsp;analizar&nbsp;los aportes del Centro de Informaci\u00f3n de Justicia Ind\u00edgena&nbsp;(CIJI)&nbsp;que&nbsp;se&nbsp;desarroll\u00f3&nbsp;el a\u00f1o pasado dentro de la estructura del Poder Judicial,&nbsp;para tener un di\u00e1logo permanente caracterizado&nbsp;por la pluralidad, la interculturalidad y la no discriminaci\u00f3n, explic\u00f3.&nbsp;<\/p>\n\n\n\n<p>Sobre el libro&nbsp;destac\u00f3 que adem\u00e1s de ser un recorrido por las historias de vida que permiten profundizar en las vidas comunitarias y sus mecanismos internos, es una&nbsp;mirada comparativa&nbsp;de lo que ha acontecido en otros lugares del mundo y&nbsp;en Latinoam\u00e9rica, la resistencia y los avances que se han logrado para&nbsp;reconocer&nbsp;la libre determinaci\u00f3n de los pueblos ind\u00edgenas.&nbsp;<\/p>\n\n\n\n<p>El texto fue comentado por el&nbsp;magistrado Luis Enrique Cordero Aguilar; la acad\u00e9mica maestra Gloria Zafra, del Instituto de Investigaciones Sociol\u00f3gicas UABJO (IISUABJO) y el especialista Miguel \u00c1ngel V\u00e1squez de la Rosa, de la asociaci\u00f3n civil Servicios para una Educaci\u00f3n Alterativa A.C. (Educa), con la moderaci\u00f3n de la directora de Derechos Humanos del Consejo de la Judicatura, Nidia Soledad Mart\u00ednez Esteva&nbsp;y en presencia de reconocidas personalidades conocedoras de la materia.<\/p>\n","protected":false},"excerpt":{"rendered":"<p>Redacci\u00f3n\/Zona Roja. Oaxaca de Ju\u00e1rez, Oax., a 6 de marzo de 2023.- \u201cEl Estado Mexicano&hellip;<\/p>\n","protected":false},"author":2,"featured_media":52370,"comment_status":"closed","ping_status":"open","sticky":false,"template":"","format":"standard","meta":{"_lmt_disableupdate":"","_lmt_disable":"","_jetpack_memberships_contains_paid_content":false,"footnotes":""},"categories":[109,46],"tags":[223],"class_list":["post-52391","post","type-post","status-publish","format-standard","has-post-thumbnail","hentry","category-minuto-a-minuto","category-zona-blanca","tag-poder-judicial-de-oaxaca"],"jetpack_featured_media_url":"https:\/\/zonaroja.com.mx\/wp-content\/uploads\/2023\/03\/Reflexion-en-torno-a-temas-indigenas.jpg","jetpack_sharing_enabled":true,"_links":{"self":[{"href":"https:\/\/zonaroja.com.mx\/index.php?rest_route=\/wp\/v2\/posts\/52391","targetHints":{"allow":["GET"]}}],"collection":[{"href":"https:\/\/zonaroja.com.mx\/index.php?rest_route=\/wp\/v2\/posts"}],"about":[{"href":"https:\/\/zonaroja.com.mx\/index.php?rest_route=\/wp\/v2\/types\/post"}],"author":[{"embeddable":true,"href":"https:\/\/zonaroja.com.mx\/index.php?rest_route=\/wp\/v2\/users\/2"}],"replies":[{"embeddable":true,"href":"https:\/\/zonaroja.com.mx\/index.php?rest_route=%2Fwp%2Fv2%2Fcomments&post=52391"}],"version-history":[{"count":4,"href":"https:\/\/zonaroja.com.mx\/index.php?rest_route=\/wp\/v2\/posts\/52391\/revisions"}],"predecessor-version":[{"id":52436,"href":"https:\/\/zonaroja.com.mx\/index.php?rest_route=\/wp\/v2\/posts\/52391\/revisions\/52436"}],"wp:featuredmedia":[{"embeddable":true,"href":"https:\/\/zonaroja.com.mx\/index.php?rest_route=\/wp\/v2\/media\/52370"}],"wp:attachment":[{"href":"https:\/\/zonaroja.com.mx\/index.php?rest_route=%2Fwp%2Fv2%2Fmedia&parent=52391"}],"wp:term":[{"taxonomy":"category","embeddable":true,"href":"https:\/\/zonaroja.com.mx\/index.php?rest_route=%2Fwp%2Fv2%2Fcategories&post=52391"},{"taxonomy":"post_tag","embeddable":true,"href":"https:\/\/zonaroja.com.mx\/index.php?rest_route=%2Fwp%2Fv2%2Ftags&post=52391"}],"curies":[{"name":"wp","href":"https:\/\/api.w.org\/{rel}","templated":true}]}}