{"id":5241,"date":"2019-10-29T08:27:32","date_gmt":"2019-10-29T14:27:32","guid":{"rendered":"https:\/\/www.zonaroja.com.mx\/?p=5241"},"modified":"2019-10-30T05:33:08","modified_gmt":"2019-10-30T11:33:08","slug":"urbaneros-dejan-otra-victima-en-la-capital-ahora-fue-una-mujer","status":"publish","type":"post","link":"https:\/\/zonaroja.com.mx\/?p=5241","title":{"rendered":"Urbaneros dejan otra v\u00edctima en la capital; ahora fue una mujer"},"content":{"rendered":"\n<p>Redacci\u00f3n\/Zona Roja. <\/p>\n\n\n\n<p>Oaxaca de Ju\u00e1rez, Oax., 29 de octubre de 2019.- El transporte urbano caus\u00f3 anoche otra v\u00edctima en la ciudad de Oaxaca.<\/p>\n\n\n\n<p>Una mujer que pretend\u00eda cruzar la avenida Central, en inmediaciones de la terminal de autobuses de segunda clase, fue arrollada por un cami\u00f3n de pasajeros, con n\u00famero econ\u00f3mico A-732. <\/p>\n\n\n\n<p>La persona, de 49 a\u00f1os de edad, fue identificada como Margarita Ricarda G.L., originaria de La Uni\u00f3n, localidad de San Felipe Tejal\u00e1pam, municipio del distrito de Etla. <\/p>\n\n\n\n<p>El autob\u00fas con n\u00famero econ\u00f3mico 159\/V-246 A-CTRO-003 (A-732) y placas de circulaci\u00f3n 364-062-S era conducido por Arturo Pastor C.E., quien caus\u00f3 el percance; fue detenido por la Polic\u00eda Municipal en el mismo sitio y consignado a las autoridades ministeriales. <\/p>\n\n\n\n<p>Personal param\u00e9dico del Cuerpo de Bomberos arrib\u00f3 al lugar, donde confirm\u00f3 que la mujer ya hab\u00eda dejado de existir. <\/p>\n\n\n\n<p><\/p>\n","protected":false},"excerpt":{"rendered":"<p>Redacci\u00f3n\/Zona Roja. Oaxaca de Ju\u00e1rez, Oax., 29 de octubre de 2019.- El transporte urbano caus\u00f3&hellip;<\/p>\n","protected":false},"author":2,"featured_media":5240,"comment_status":"closed","ping_status":"open","sticky":false,"template":"","format":"standard","meta":{"_lmt_disableupdate":"","_lmt_disable":"","_jetpack_memberships_contains_paid_content":false,"footnotes":""},"categories":[109,51],"tags":[148],"class_list":["post-5241","post","type-post","status-publish","format-standard","has-post-thumbnail","hentry","category-minuto-a-minuto","category-zona-roja","tag-oaxaca-de-juarez"],"jetpack_featured_media_url":"https:\/\/zonaroja.com.mx\/wp-content\/uploads\/2019\/10\/b8012cc4-ab4f-49d9-b101-ed45869959c0.jpg","jetpack_sharing_enabled":true,"_links":{"self":[{"href":"https:\/\/zonaroja.com.mx\/index.php?rest_route=\/wp\/v2\/posts\/5241","targetHints":{"allow":["GET"]}}],"collection":[{"href":"https:\/\/zonaroja.com.mx\/index.php?rest_route=\/wp\/v2\/posts"}],"about":[{"href":"https:\/\/zonaroja.com.mx\/index.php?rest_route=\/wp\/v2\/types\/post"}],"author":[{"embeddable":true,"href":"https:\/\/zonaroja.com.mx\/index.php?rest_route=\/wp\/v2\/users\/2"}],"replies":[{"embeddable":true,"href":"https:\/\/zonaroja.com.mx\/index.php?rest_route=%2Fwp%2Fv2%2Fcomments&post=5241"}],"version-history":[{"count":1,"href":"https:\/\/zonaroja.com.mx\/index.php?rest_route=\/wp\/v2\/posts\/5241\/revisions"}],"predecessor-version":[{"id":5242,"href":"https:\/\/zonaroja.com.mx\/index.php?rest_route=\/wp\/v2\/posts\/5241\/revisions\/5242"}],"wp:featuredmedia":[{"embeddable":true,"href":"https:\/\/zonaroja.com.mx\/index.php?rest_route=\/wp\/v2\/media\/5240"}],"wp:attachment":[{"href":"https:\/\/zonaroja.com.mx\/index.php?rest_route=%2Fwp%2Fv2%2Fmedia&parent=5241"}],"wp:term":[{"taxonomy":"category","embeddable":true,"href":"https:\/\/zonaroja.com.mx\/index.php?rest_route=%2Fwp%2Fv2%2Fcategories&post=5241"},{"taxonomy":"post_tag","embeddable":true,"href":"https:\/\/zonaroja.com.mx\/index.php?rest_route=%2Fwp%2Fv2%2Ftags&post=5241"}],"curies":[{"name":"wp","href":"https:\/\/api.w.org\/{rel}","templated":true}]}}