{"id":52411,"date":"2023-03-05T08:00:00","date_gmt":"2023-03-05T14:00:00","guid":{"rendered":"http:\/\/www.zonaroja.com.mx\/?p=52411"},"modified":"2023-03-05T06:32:40","modified_gmt":"2023-03-05T12:32:40","slug":"una-semana-despues-confirman-cinco-muertos-en-incendio-pemex-veracruz","status":"publish","type":"post","link":"https:\/\/zonaroja.com.mx\/?p=52411","title":{"rendered":"Una semana despu\u00e9s, confirman cinco muertos en incendio Pemex Veracruz"},"content":{"rendered":"\n<p>Redacci\u00f3n\/Zona Roja Cdmx.<\/p>\n\n\n\n<p>Ciudad de M\u00e9xico, a 5 de marzo de 2023.- Una semana despu\u00e9s de los hechos, Petr\u00f3leos Mexicanos (Pemex) confirm\u00f3 que cinco trabajadores que estaban desaparecidos, murieron a causa de la explosi\u00f3n de una planta en Veracruz.<\/p>\n\n\n\n<p>El siniestro ocurri\u00f3 el pasado 23 de febrero en el pozo 331 del Centro de Almacenamiento Estrat\u00e9gico Tuzand\u00e9petl, en Ixhuatl\u00e1n del Sureste, Veracruz.<\/p>\n\n\n\n<p>En un comunicado, la empresa productiva del Estado se\u00f1al\u00f3 que a ra\u00edz de las actividades de b\u00fasqueda fueron hallados los restos, los cuales son analizados por el Servicio M\u00e9dico Forense, previa autorizaci\u00f3n del Ministerio P\u00fablico Federal.<\/p>\n\n\n\n<p>Dos d\u00edas despu\u00e9s del accidente, el personal de Pemex localiz\u00f3 los primeros dos cad\u00e1veres en la cavidad donde laboraban los empleados cuando ocurri\u00f3 el estallido; los restos de los otros tres trabajadores fueron recuperados en el transcurso de esta semana<\/p>\n\n\n\n<p>La fiscal general del estado, Ver\u00f3nica Hern\u00e1ndez Giad\u00e1ns, confirm\u00f3 la informaci\u00f3n difundida por Pemex y precis\u00f3 que \u201cya se entreg\u00f3, hasta donde tengo conocimiento, un cuerpo ya fue analizado e identificado y estamos en proceso de poder identificar a los otros cuatro para hacer la entrega\u201d, inform\u00f3.<\/p>\n\n\n\n<p>Los familiares confirmaron que esta semana acudieron a la fiscal\u00eda para ampliar los an\u00e1lisis del perfil gen\u00e9tico, conforme a los protocolos establecidos, aunque refieren que fueron notificados de que las pruebas podr\u00edan tardar al menos 30 d\u00edas.<\/p>\n\n\n\n<p>Por su parte, la petrolera indic\u00f3 que uno de los tres trabajadores que resultaron heridos el 23 de febrero en la planta de Tuzand\u00e9petl a\u00fan permanece internado en el Hospital de Pemex, ubicado en Nanchital, y su salud es reportada como estable.<\/p>\n\n\n\n<p>\u201cPemex lamenta profundamente las p\u00e9rdidas humanas durante este accidente, as\u00ed como las lesiones que afectaron la salud del personal. Al tiempo que reitera su compromiso con los familiares de los afectados, d\u00e1ndoles todo el apoyo necesario\u201d, manifest\u00f3.<\/p>\n\n\n\n<p>(Con informaci\u00f3n de \u201cLa Jornada\u201d)<\/p>\n","protected":false},"excerpt":{"rendered":"<p>Redacci\u00f3n\/Zona Roja Cdmx. Ciudad de M\u00e9xico, a 5 de marzo de 2023.- Una semana despu\u00e9s&hellip;<\/p>\n","protected":false},"author":2,"featured_media":52064,"comment_status":"closed","ping_status":"open","sticky":false,"template":"","format":"standard","meta":{"_lmt_disableupdate":"","_lmt_disable":"","_jetpack_memberships_contains_paid_content":false,"footnotes":""},"categories":[109,47],"tags":[874],"class_list":["post-52411","post","type-post","status-publish","format-standard","has-post-thumbnail","hentry","category-minuto-a-minuto","category-zona-gris","tag-petroleos-mexicanos-pemex"],"jetpack_featured_media_url":"https:\/\/zonaroja.com.mx\/wp-content\/uploads\/2023\/02\/Explosion-Pemex-Veracruz.webp","jetpack_sharing_enabled":true,"_links":{"self":[{"href":"https:\/\/zonaroja.com.mx\/index.php?rest_route=\/wp\/v2\/posts\/52411","targetHints":{"allow":["GET"]}}],"collection":[{"href":"https:\/\/zonaroja.com.mx\/index.php?rest_route=\/wp\/v2\/posts"}],"about":[{"href":"https:\/\/zonaroja.com.mx\/index.php?rest_route=\/wp\/v2\/types\/post"}],"author":[{"embeddable":true,"href":"https:\/\/zonaroja.com.mx\/index.php?rest_route=\/wp\/v2\/users\/2"}],"replies":[{"embeddable":true,"href":"https:\/\/zonaroja.com.mx\/index.php?rest_route=%2Fwp%2Fv2%2Fcomments&post=52411"}],"version-history":[{"count":1,"href":"https:\/\/zonaroja.com.mx\/index.php?rest_route=\/wp\/v2\/posts\/52411\/revisions"}],"predecessor-version":[{"id":52412,"href":"https:\/\/zonaroja.com.mx\/index.php?rest_route=\/wp\/v2\/posts\/52411\/revisions\/52412"}],"wp:featuredmedia":[{"embeddable":true,"href":"https:\/\/zonaroja.com.mx\/index.php?rest_route=\/wp\/v2\/media\/52064"}],"wp:attachment":[{"href":"https:\/\/zonaroja.com.mx\/index.php?rest_route=%2Fwp%2Fv2%2Fmedia&parent=52411"}],"wp:term":[{"taxonomy":"category","embeddable":true,"href":"https:\/\/zonaroja.com.mx\/index.php?rest_route=%2Fwp%2Fv2%2Fcategories&post=52411"},{"taxonomy":"post_tag","embeddable":true,"href":"https:\/\/zonaroja.com.mx\/index.php?rest_route=%2Fwp%2Fv2%2Ftags&post=52411"}],"curies":[{"name":"wp","href":"https:\/\/api.w.org\/{rel}","templated":true}]}}