{"id":52419,"date":"2023-03-05T10:00:00","date_gmt":"2023-03-05T16:00:00","guid":{"rendered":"http:\/\/www.zonaroja.com.mx\/?p=52419"},"modified":"2023-03-05T07:15:37","modified_gmt":"2023-03-05T13:15:37","slug":"de-nuevo-el-mult-y-el-multi-cruzan-acusaciones-y-dialogo-sigue-roto","status":"publish","type":"post","link":"https:\/\/zonaroja.com.mx\/?p=52419","title":{"rendered":"De nuevo, el MULT y el MULTI cruzan acusaciones\u2026 y di\u00e1logo sigue roto"},"content":{"rendered":"\n<p>Ismael Garc\u00eda M.\/Zona Roja.<\/p>\n\n\n\n<p>Oaxaca de Ju\u00e1rez, Oax., a 5 de marzo de 2023.- Las organizaciones triquis MULT y MULTI cruzaron acusaciones por en\u00e9sima ocasi\u00f3n. Y las mesas de di\u00e1logo que hab\u00eda convocado el Gobierno del Estado para iniciar el retorno a Tierra Blanca Copala, Juxtlahuaca, siguen suspendidas.<\/p>\n\n\n\n<p>Ayer, el Movimiento de Unificaci\u00f3n y Lucha Triqui Independiente (MULTI) acus\u00f3 que su dirigente Macario Garc\u00eda Merino y su familia fueron v\u00edctimas de una emboscada armada, en que no hubo lesionados.<\/p>\n\n\n\n<p>Seg\u00fan la agrupaci\u00f3n, los hechos ocurrieron ayer aproximadamente a las 02:30 horas, en que \u201cel grupo paramilitar del MULT intent\u00f3 asesinar al dirigente de nuestro movimiento, atacando a balazos su domicilio.&nbsp;<\/p>\n\n\n\n<p>\u201cResponsabilizamos de este cobarde hecho a Emelia Ortiz Garcia, Eleazar Ortiz, Florentino Ortiz, Epifanio Ortiz, Gabriel Ortiz, Juan Domingo Perez Castillo y Octavio de Jes\u00fas Diaz, caciques y jefes paramilitares disfrazados de organizaci\u00f3n social de la regi\u00f3n triqui\u201d, dijo en un comunicado.<\/p>\n\n\n\n<p>Se\u00f1al\u00f3 que dicha organizaci\u00f3n, que fund\u00f3 Heriberto Pazos Ortiz, s\u00f3lo le ha apostado a la violencia para que las mesas de di\u00e1logo no avancen, \u201cpues atenta contra su cacicazgo e intereses personales que mantienen en la regi\u00f3n\u201d.<\/p>\n\n\n\n<p>Puso como ejemplo que, desde que se levantaron de las mesas de di\u00e1logo, han generado una serie de actos violentos en contra de distintas poblaciones que conforman la naci\u00f3n triqui.&nbsp;<\/p>\n\n\n\n<p>El 9 de febrero del 2023 atacaron con armas de fuego de grueso calibre, la comunidad de Concepci\u00f3n Carrizal Copala y cinco d\u00edas despu\u00e9s, el 14 de febrero de 2023, a la comunidad de La Brama Paraje P\u00e9rez Copala.<\/p>\n\n\n\n<p>Indic\u00f3 que a estos hechos, se suma el intento de asesinato generado en contra del dirigente de la organizaci\u00f3n y su familia, por lo cual exigi\u00f3 al Estado mexicano retomar el di\u00e1logo y convocar a la paz.<\/p>\n\n\n\n<p>SE DESLINDA<\/p>\n\n\n\n<p>En respuesta e ello, el Movimiento de Unificaci\u00f3n y Lucha Triqui (MULT) dijo que a cinco d\u00edas de una emboscada en contra de sus militantes en la localidad de Tierra Blanca, \u201cel MULTI no haya c\u00f3mo zafarse de su artero crimen contra nuestros compa\u00f1eros, buscando cortinas de humo para evadir a la justicia y no pagar por la muerte de nuestros compa\u00f1eros\u201d.<\/p>\n\n\n\n<p>Se deslind\u00f3 de las acusaciones contra su organizaci\u00f3n y denunci\u00f3 que el MULTI junto con la Ubisort-PRI tienen el control territorial desde Yosoyuxi (MULTI), La Sabana (PRI) hasta Agua Fr\u00eda (MULTI), \u201cdonde ellos acostumbran bloquear el paso hacia Juxtlahuaca\u201d.<\/p>\n\n\n\n<p>Agreg\u00f3:<\/p>\n\n\n\n<p>\u201cTambi\u00e9n es importante aclarar que ayer por la noche, precisamente en Agua Fr\u00eda, en la casa del profesor Macario Merino Garc\u00eda, estuvieron ingiriendo bebidas alcoh\u00f3licas su grupo armado y no es de extra\u00f1arse que ellos mismo hayan planeado este autoatentado, como una estrategia de distracci\u00f3n\u201d.<\/p>\n\n\n\n<p>Tambi\u00e9n exigi\u00f3 a los gobiernos federal y estatal al pronto esclarecimiento de este hecho de violencia y se castigue a los verdaderos responsables \u201csi es que hubiera y no sean protegidos por el MULTI\u201d.<\/p>\n\n\n\n<p>INDAGA FISCAL\u00cdA<\/p>\n\n\n\n<p>Por su parte, en un comunicado, la Fiscal\u00eda General del Estado de Oaxaca (FGEO) dio a conocer que inici\u00f3 una carpeta de investigaci\u00f3n por hechos denunciados por el Movimiento de Unificaci\u00f3n&nbsp; y Lucha Triqui Independiente (MULTI), en los cuales se se\u00f1alan agresiones en contra de su dirigente identificado por las iniciales M.G.M.<\/p>\n\n\n\n<p>\u201cPara atender el caso, la instituci\u00f3n envi\u00f3 un equipo multidisciplinario integrado por Agentes Estatales de Investigaci\u00f3n (AEI) y peritos, para llevar a cabo las primeras indagatorias al lugar de los hechos, en la agencia Agua Fr\u00eda, perteneciente a Santiago Juxtlahuaca.<\/p>\n\n\n\n<p>La FGEO certific\u00f3 una serie de da\u00f1os producidos por proyectiles de arma de fuego en el veh\u00edculo y vivienda del dirigente comunitario, por lo que inici\u00f3 la Carpeta de Investigaci\u00f3n por disparos de arma de fuego y da\u00f1os en propiedad privada.<\/p>\n\n\n\n<p>De la misma forma, la Fiscal\u00eda asegur\u00f3 que lleva a cabo las diligencias correspondientes para dar con las personas responsables de estos actos que erosionan el tejido social de la comunidad&nbsp;ind\u00edgena.<\/p>\n","protected":false},"excerpt":{"rendered":"<p>Ismael Garc\u00eda M.\/Zona Roja. Oaxaca de Ju\u00e1rez, Oax., a 5 de marzo de 2023.- Las&hellip;<\/p>\n","protected":false},"author":2,"featured_media":52421,"comment_status":"closed","ping_status":"open","sticky":false,"template":"","format":"standard","meta":{"_lmt_disableupdate":"","_lmt_disable":"","_jetpack_memberships_contains_paid_content":false,"footnotes":""},"categories":[109,47],"tags":[1712],"class_list":["post-52419","post","type-post","status-publish","format-standard","has-post-thumbnail","hentry","category-minuto-a-minuto","category-zona-gris","tag-tierra-blanca-copala"],"jetpack_featured_media_url":"https:\/\/zonaroja.com.mx\/wp-content\/uploads\/2023\/03\/Acusaciones-MULT-y-MULTI.jpg","jetpack_sharing_enabled":true,"_links":{"self":[{"href":"https:\/\/zonaroja.com.mx\/index.php?rest_route=\/wp\/v2\/posts\/52419","targetHints":{"allow":["GET"]}}],"collection":[{"href":"https:\/\/zonaroja.com.mx\/index.php?rest_route=\/wp\/v2\/posts"}],"about":[{"href":"https:\/\/zonaroja.com.mx\/index.php?rest_route=\/wp\/v2\/types\/post"}],"author":[{"embeddable":true,"href":"https:\/\/zonaroja.com.mx\/index.php?rest_route=\/wp\/v2\/users\/2"}],"replies":[{"embeddable":true,"href":"https:\/\/zonaroja.com.mx\/index.php?rest_route=%2Fwp%2Fv2%2Fcomments&post=52419"}],"version-history":[{"count":1,"href":"https:\/\/zonaroja.com.mx\/index.php?rest_route=\/wp\/v2\/posts\/52419\/revisions"}],"predecessor-version":[{"id":52422,"href":"https:\/\/zonaroja.com.mx\/index.php?rest_route=\/wp\/v2\/posts\/52419\/revisions\/52422"}],"wp:featuredmedia":[{"embeddable":true,"href":"https:\/\/zonaroja.com.mx\/index.php?rest_route=\/wp\/v2\/media\/52421"}],"wp:attachment":[{"href":"https:\/\/zonaroja.com.mx\/index.php?rest_route=%2Fwp%2Fv2%2Fmedia&parent=52419"}],"wp:term":[{"taxonomy":"category","embeddable":true,"href":"https:\/\/zonaroja.com.mx\/index.php?rest_route=%2Fwp%2Fv2%2Fcategories&post=52419"},{"taxonomy":"post_tag","embeddable":true,"href":"https:\/\/zonaroja.com.mx\/index.php?rest_route=%2Fwp%2Fv2%2Ftags&post=52419"}],"curies":[{"name":"wp","href":"https:\/\/api.w.org\/{rel}","templated":true}]}}