{"id":52423,"date":"2023-03-05T09:00:00","date_gmt":"2023-03-05T15:00:00","guid":{"rendered":"http:\/\/www.zonaroja.com.mx\/?p=52423"},"modified":"2023-03-05T07:27:08","modified_gmt":"2023-03-05T13:27:08","slug":"intenta-ayuntamiento-retirar-expo-artesanal-del-barrio-de-xochimilco","status":"publish","type":"post","link":"https:\/\/zonaroja.com.mx\/?p=52423","title":{"rendered":"Intenta ayuntamiento retirar expo artesanal del barrio de Xochimilco"},"content":{"rendered":"\n<p>Redacci\u00f3n\/Zona Roja.<\/p>\n\n\n\n<p>Oaxaca de Ju\u00e1rez, Oax., a 6 de marzo de 2023.- Inspectores del ayuntamiento de Oaxaca de Ju\u00e1rez intentaron retirar ayer una muestra gastron\u00f3mica y artesanal en el barrio de Xochimilco de la ciudad de Oaxaca.<\/p>\n\n\n\n<p>As\u00ed lo denunciaron los organizadores, que informaron que los representantes del ayuntamiento arribaron este s\u00e1bado alrededor de las 15:00 horas, pese a que la exposici\u00f3n no afectaba vialidades y se realizaba en la plazuela \u201cFernando Olivera\u201d.<\/p>\n\n\n\n<p>No obstante, aseguraron que los inspectores fueron solicitados y enviados por la actual presidenta del Comit\u00e9 de Vida Vecinal (Convive), Maricela P\u00e9rez Le\u00f3n, \u201cadem\u00e1s fue impuesta por el municipio que preside Francisco Mart\u00ednez Neri\u201d.<\/p>\n\n\n\n<p>\u201cDe forma grosera e intimidatoria, intentaron correr al grupo gastron\u00f3mico y artesanal \u2018Ya llegaron los de Ejutla\u2019, sin importarles que hab\u00eda visitantes nacionales como extranjeros, adem\u00e1s de que nunca llega el apoyo polic\u00edaco cuando se le requiere por alg\u00fan hecho delictivo.<\/p>\n\n\n\n<p>\u201cCasualmente, las fuerzas policiales estuvieron en este lugar e intentaron desalojar por la fuerza a las personas que ah\u00ed se encontraban, las cuales no obstru\u00edan el paso vehicular ni afectaba a los vecinos del dicho barrio.<\/p>\n\n\n\n<p>\u201cAdem\u00e1s de que los vecinos est\u00e1n de acuerdo con que se lleve a cabo este evento, incluso, se hicieron presentes para apoyar a los artesanos\u201d, manifestaron.<\/p>\n","protected":false},"excerpt":{"rendered":"<p>Redacci\u00f3n\/Zona Roja. Oaxaca de Ju\u00e1rez, Oax., a 6 de marzo de 2023.- Inspectores del ayuntamiento&hellip;<\/p>\n","protected":false},"author":2,"featured_media":52420,"comment_status":"closed","ping_status":"open","sticky":false,"template":"","format":"standard","meta":{"_lmt_disableupdate":"","_lmt_disable":"","_jetpack_memberships_contains_paid_content":false,"footnotes":""},"categories":[109,47],"tags":[148],"class_list":["post-52423","post","type-post","status-publish","format-standard","has-post-thumbnail","hentry","category-minuto-a-minuto","category-zona-gris","tag-oaxaca-de-juarez"],"jetpack_featured_media_url":"https:\/\/zonaroja.com.mx\/wp-content\/uploads\/2023\/03\/Conflicto-tianquis-Xochimilco-Oaxaca.jpg","jetpack_sharing_enabled":true,"_links":{"self":[{"href":"https:\/\/zonaroja.com.mx\/index.php?rest_route=\/wp\/v2\/posts\/52423","targetHints":{"allow":["GET"]}}],"collection":[{"href":"https:\/\/zonaroja.com.mx\/index.php?rest_route=\/wp\/v2\/posts"}],"about":[{"href":"https:\/\/zonaroja.com.mx\/index.php?rest_route=\/wp\/v2\/types\/post"}],"author":[{"embeddable":true,"href":"https:\/\/zonaroja.com.mx\/index.php?rest_route=\/wp\/v2\/users\/2"}],"replies":[{"embeddable":true,"href":"https:\/\/zonaroja.com.mx\/index.php?rest_route=%2Fwp%2Fv2%2Fcomments&post=52423"}],"version-history":[{"count":1,"href":"https:\/\/zonaroja.com.mx\/index.php?rest_route=\/wp\/v2\/posts\/52423\/revisions"}],"predecessor-version":[{"id":52424,"href":"https:\/\/zonaroja.com.mx\/index.php?rest_route=\/wp\/v2\/posts\/52423\/revisions\/52424"}],"wp:featuredmedia":[{"embeddable":true,"href":"https:\/\/zonaroja.com.mx\/index.php?rest_route=\/wp\/v2\/media\/52420"}],"wp:attachment":[{"href":"https:\/\/zonaroja.com.mx\/index.php?rest_route=%2Fwp%2Fv2%2Fmedia&parent=52423"}],"wp:term":[{"taxonomy":"category","embeddable":true,"href":"https:\/\/zonaroja.com.mx\/index.php?rest_route=%2Fwp%2Fv2%2Fcategories&post=52423"},{"taxonomy":"post_tag","embeddable":true,"href":"https:\/\/zonaroja.com.mx\/index.php?rest_route=%2Fwp%2Fv2%2Ftags&post=52423"}],"curies":[{"name":"wp","href":"https:\/\/api.w.org\/{rel}","templated":true}]}}