{"id":52425,"date":"2023-03-05T11:30:00","date_gmt":"2023-03-05T17:30:00","guid":{"rendered":"http:\/\/www.zonaroja.com.mx\/?p=52425"},"modified":"2023-03-05T07:41:24","modified_gmt":"2023-03-05T13:41:24","slug":"anuncia-administracion-reingenieria-en-gasto-para-priorizar-austeridad","status":"publish","type":"post","link":"https:\/\/zonaroja.com.mx\/?p=52425","title":{"rendered":"Anuncia Administraci\u00f3n reingenier\u00eda en gasto para priorizar austeridad"},"content":{"rendered":"\n<p>Redacci\u00f3n\/Zona Roja.<\/p>\n\n\n\n<p>Oaxaca de Ju\u00e1rez, Oax.., a 6 de marzo de 2023.- El responsable de la Secretar\u00eda de Administraci\u00f3n, Antonino Morales Toledo, asegur\u00f3 que el Gobierno del Estado que encabeza el mandatario Salom\u00f3n Jara Cruz, est\u00e1 realizando una reingenier\u00eda del gasto p\u00fablico que permita, \u00abhacer m\u00e1s con menos\u00bb.<\/p>\n\n\n\n<p>En gira de trabajo por la regi\u00f3n del Istmo, se &nbsp;reuni\u00f3 con Gabriela L\u00f3pez Olivera, presidenta municipal de Ciudad Ixtepec, a quien inform\u00f3 que el actual gobierno realiza una exhaustiva revisi\u00f3n de todos los recursos a fin de hacerlos m\u00e1s eficientes, para que se destinen a obra social y programas de infraestructura.<\/p>\n\n\n\n<p>El secretario de Administraci\u00f3n asever\u00f3 que, como bien lo dice el presidente Andr\u00e9s Manuel L\u00f3pez Obrador, \u00abno puede haber un gobierno rico, con un pueblo pobre\u00bb, y por lo que el recurso de la administraci\u00f3n p\u00fablica estatal debe destinarse a las necesidades m\u00e1s apremiantes de los pueblos y comunidades de Oaxaca.<\/p>\n\n\n\n<p>En ese sentido, Morales Toledo destac\u00f3 la importancia de cumplir con la instrucci\u00f3n del gobernador Salom\u00f3n Jara Cruz, de \u00abhacer un gobierno de territorio y no de escritorio\u00bb, para conocer de cerca las necesidades de los pueblos a fin de canalizar sus demandas, siempre buscando eficientar los servicios de la administraci\u00f3n p\u00fablica estatal.<\/p>\n\n\n\n<p>El titular de la Secretar\u00eda de Administraci\u00f3n expuso que la reingenier\u00eda del gasto, permitir\u00e1 tambi\u00e9n establecer nuevos procesos administrativos que llevar\u00e1 a una mejora significativa en costos, calidad, servicio y rapidez.<\/p>\n","protected":false},"excerpt":{"rendered":"<p>Redacci\u00f3n\/Zona Roja. Oaxaca de Ju\u00e1rez, Oax.., a 6 de marzo de 2023.- El responsable de&hellip;<\/p>\n","protected":false},"author":2,"featured_media":52426,"comment_status":"closed","ping_status":"open","sticky":false,"template":"","format":"standard","meta":{"_lmt_disableupdate":"","_lmt_disable":"","_jetpack_memberships_contains_paid_content":false,"footnotes":""},"categories":[109,46],"tags":[180],"class_list":["post-52425","post","type-post","status-publish","format-standard","has-post-thumbnail","hentry","category-minuto-a-minuto","category-zona-blanca","tag-antonino-morales-toledo"],"jetpack_featured_media_url":"https:\/\/zonaroja.com.mx\/wp-content\/uploads\/2023\/03\/Nino-Morales-Ciudad-Ixtepec.jpeg","jetpack_sharing_enabled":true,"_links":{"self":[{"href":"https:\/\/zonaroja.com.mx\/index.php?rest_route=\/wp\/v2\/posts\/52425","targetHints":{"allow":["GET"]}}],"collection":[{"href":"https:\/\/zonaroja.com.mx\/index.php?rest_route=\/wp\/v2\/posts"}],"about":[{"href":"https:\/\/zonaroja.com.mx\/index.php?rest_route=\/wp\/v2\/types\/post"}],"author":[{"embeddable":true,"href":"https:\/\/zonaroja.com.mx\/index.php?rest_route=\/wp\/v2\/users\/2"}],"replies":[{"embeddable":true,"href":"https:\/\/zonaroja.com.mx\/index.php?rest_route=%2Fwp%2Fv2%2Fcomments&post=52425"}],"version-history":[{"count":1,"href":"https:\/\/zonaroja.com.mx\/index.php?rest_route=\/wp\/v2\/posts\/52425\/revisions"}],"predecessor-version":[{"id":52427,"href":"https:\/\/zonaroja.com.mx\/index.php?rest_route=\/wp\/v2\/posts\/52425\/revisions\/52427"}],"wp:featuredmedia":[{"embeddable":true,"href":"https:\/\/zonaroja.com.mx\/index.php?rest_route=\/wp\/v2\/media\/52426"}],"wp:attachment":[{"href":"https:\/\/zonaroja.com.mx\/index.php?rest_route=%2Fwp%2Fv2%2Fmedia&parent=52425"}],"wp:term":[{"taxonomy":"category","embeddable":true,"href":"https:\/\/zonaroja.com.mx\/index.php?rest_route=%2Fwp%2Fv2%2Fcategories&post=52425"},{"taxonomy":"post_tag","embeddable":true,"href":"https:\/\/zonaroja.com.mx\/index.php?rest_route=%2Fwp%2Fv2%2Ftags&post=52425"}],"curies":[{"name":"wp","href":"https:\/\/api.w.org\/{rel}","templated":true}]}}