{"id":52432,"date":"2023-03-05T15:29:26","date_gmt":"2023-03-05T21:29:26","guid":{"rendered":"http:\/\/www.zonaroja.com.mx\/?p=52432"},"modified":"2023-03-05T15:29:28","modified_gmt":"2023-03-05T21:29:28","slug":"accidentes-dejan-tres-muertos-en-oaxaca-uno-en-corredor-interoceanico","status":"publish","type":"post","link":"https:\/\/zonaroja.com.mx\/?p=52432","title":{"rendered":"Accidentes dejan tres muertos en Oaxaca; uno en Corredor Interoce\u00e1nico"},"content":{"rendered":"\n<p>Ismael Garc\u00eda M.\/Zona Roja.<\/p>\n\n\n\n<p>Oaxaca de Ju\u00e1rez, Oax., a 5 de marzo de 2023.- Dos accidentes en hechos distintos en Oaxaca han dejado este domingo un saldo de tres personas fallecidas, entre ellas una mujer, y tres m\u00e1s lesionadas.<\/p>\n\n\n\n<p>En las obras del Corredor Interoce\u00e1nico del Istmo de Tehuantepec, por una maniobra con montacargas en el tramo Ciudad Ixtepec-La Mata, cay\u00f3 una enorme viga de acero sobre tres obreros.<\/p>\n\n\n\n<p>En el sitio perdi\u00f3 la vida Juan Antonio G. P.; dos trabajadores m\u00e1s, identificados como H\u00e9ctor J. O. y Yahir C. G., resultaron con lesiones de gravedad, por lo que fueron trasladados al hospital general de Ixtepec.<\/p>\n\n\n\n<p>EN TUXTEPEC<\/p>\n\n\n\n<p>En la ciudad de San Juan Bautista Tuxtepec, la madrugada de hoy tres ocupantes de una motocicleta derraparon con su unidad sobre la carretera federal 175, a la altura de la colonia Adolfo L\u00f3pez Mateos.<\/p>\n\n\n\n<p>En el sitio perdi\u00f3 la vida una mujer identificada de manera preliminar como Tania H. T., mientras que dos varones fueron trasladados a un hospital, donde falleci\u00f3 Juli\u00e1n A. C., mientras que el tercero lo reportan delicado de salud.<\/p>\n","protected":false},"excerpt":{"rendered":"<p>Ismael Garc\u00eda M.\/Zona Roja. Oaxaca de Ju\u00e1rez, Oax., a 5 de marzo de 2023.- Dos&hellip;<\/p>\n","protected":false},"author":2,"featured_media":52433,"comment_status":"closed","ping_status":"open","sticky":false,"template":"","format":"standard","meta":{"_lmt_disableupdate":"","_lmt_disable":"","_jetpack_memberships_contains_paid_content":false,"footnotes":""},"categories":[109,51],"tags":[703,118],"class_list":["post-52432","post","type-post","status-publish","format-standard","has-post-thumbnail","hentry","category-minuto-a-minuto","category-zona-roja","tag-ciudad-ixtepec","tag-san-juan-bautista-tuxtepec"],"jetpack_featured_media_url":"https:\/\/zonaroja.com.mx\/wp-content\/uploads\/2023\/03\/Corredor-Interoceanico-Ciudad-Ixtepec-muerto.jpeg","jetpack_sharing_enabled":true,"_links":{"self":[{"href":"https:\/\/zonaroja.com.mx\/index.php?rest_route=\/wp\/v2\/posts\/52432","targetHints":{"allow":["GET"]}}],"collection":[{"href":"https:\/\/zonaroja.com.mx\/index.php?rest_route=\/wp\/v2\/posts"}],"about":[{"href":"https:\/\/zonaroja.com.mx\/index.php?rest_route=\/wp\/v2\/types\/post"}],"author":[{"embeddable":true,"href":"https:\/\/zonaroja.com.mx\/index.php?rest_route=\/wp\/v2\/users\/2"}],"replies":[{"embeddable":true,"href":"https:\/\/zonaroja.com.mx\/index.php?rest_route=%2Fwp%2Fv2%2Fcomments&post=52432"}],"version-history":[{"count":1,"href":"https:\/\/zonaroja.com.mx\/index.php?rest_route=\/wp\/v2\/posts\/52432\/revisions"}],"predecessor-version":[{"id":52434,"href":"https:\/\/zonaroja.com.mx\/index.php?rest_route=\/wp\/v2\/posts\/52432\/revisions\/52434"}],"wp:featuredmedia":[{"embeddable":true,"href":"https:\/\/zonaroja.com.mx\/index.php?rest_route=\/wp\/v2\/media\/52433"}],"wp:attachment":[{"href":"https:\/\/zonaroja.com.mx\/index.php?rest_route=%2Fwp%2Fv2%2Fmedia&parent=52432"}],"wp:term":[{"taxonomy":"category","embeddable":true,"href":"https:\/\/zonaroja.com.mx\/index.php?rest_route=%2Fwp%2Fv2%2Fcategories&post=52432"},{"taxonomy":"post_tag","embeddable":true,"href":"https:\/\/zonaroja.com.mx\/index.php?rest_route=%2Fwp%2Fv2%2Ftags&post=52432"}],"curies":[{"name":"wp","href":"https:\/\/api.w.org\/{rel}","templated":true}]}}