{"id":5244,"date":"2019-10-29T10:52:53","date_gmt":"2019-10-29T16:52:53","guid":{"rendered":"https:\/\/www.zonaroja.com.mx\/?p=5244"},"modified":"2019-10-30T05:31:29","modified_gmt":"2019-10-30T11:31:29","slug":"celebran-publicacion-de-reformas-que-despenalizan-el-aborto-en-oaxaca","status":"publish","type":"post","link":"https:\/\/zonaroja.com.mx\/?p=5244","title":{"rendered":"Celebran publicaci\u00f3n de reformas que despenalizan el aborto en Oaxaca"},"content":{"rendered":"\n<p>Evlin Arag\u00f3n\/Zona Roja.<\/p>\n\n\n\n<p>Oaxaca de Ju\u00e1rez, Oax., 29 de octubre de 2019.-\u00a0Feministas y activistas de Oaxaca celebraron la publicaci\u00f3n en el Peri\u00f3dico Oficial del Estado de las reformas al C\u00f3digo Penal, desde el pasado 24 de octubre, por las cuales se despenaliza el aborto en la entidad hasta antes de las 12 semanas de gestaci\u00f3n.<\/p>\n\n\n\n<p>Diversos colectivos y mujeres organizadas&nbsp;expresaron&nbsp;su alegr\u00eda a la par que aseguraron que se trata de un logro del movimiento feminista que desde hace d\u00e9cadas existe en Oaxaca y recientemente ha mostrado su fuerza con mayor intensidad, en lo que se ha denominado la \u00abcuarta ola\u00bb del feminismo en el mundo.<\/p>\n\n\n\n<p>En la p\u00e1gina de Facebook de \u201cMarea Verde\u201c Oaxaca, sus integrantes reconocieron que se trata de un logro de todas las mujeres, aunque advirtieron que a\u00fan falta mucho por hacer ya est\u00e1 pendiente la modificaci\u00f3n al art\u00edculo 12 Constitucional y las adecuaciones a la Ley de Salud.<\/p>\n\n\n\n<p>\u201cEs un logro que iniciaron nuestras abuelas y que se conquista despu\u00e9s de 50 a\u00f1os de lucha, pero no lo es todo. Seguiremos insistiendo, presionando, incomodando, hasta alcanzar la modificaci\u00f3n al Art. 12 Constitucional y la Reforma a la Ley de Salud. No vamos a descansar hasta que el aborto sea legal, seguro y gratuito en Oaxaca y en todo M\u00e9xico\u201d, escribieron.<\/p>\n\n\n\n<p>De igual forma, integrantes de Consorcio Oaxaca tambi\u00e9n celebraron el triunfo feminista. \u201cCon mucha alegr\u00eda les compartimos que el pasado 24 de octubre se public\u00f3 en el Peri\u00f3dico Oficial del Estado las Reformas al C\u00f3digo Penal que despenaliza el aborto en Oaxaca\u201d, difundieron.&nbsp;<\/p>\n\n\n\n<p>As\u00ed mismo, reiteraron que el camino apenas inicia y que continuar\u00e1n trabajando para garantizar el derecho de las mujeres a decidir sobre sus cuerpos.&nbsp;<\/p>\n\n\n\n<p>En el mismo sentido se pronunci\u00f3 la Red por los Derechos Sexuales y Reproductivos en Oaxaca que sentenci\u00f3 que se mantendr\u00e1n atentas y seguir\u00e1n trabajando para que los derechos de las mujeres sean una realidad en los hechos. \u201cTodos los derechos para todas las mujeres\u201d.<\/p>\n\n\n\n<p>Ang\u00e9lica Ayala Ortiz, presidenta del Grupo de Estudios sobre la Mujer (GESMujer), record\u00f3 que por largo tiempo y de acuerdo con datos oficiales, dos mil 300 mujeres al a\u00f1o han tenido que interrumpir un embarazo en condiciones inseguras, aunque por cada aborto registrado se sabe hay una cifra negra que podr\u00eda alcanzar hasta loa 9 mil abortos, con el consecuente riesgo para la salud y la vida de ni\u00f1as, j\u00f3venes y mujeres.&nbsp;<\/p>\n\n\n\n<p>&nbsp;\u201cAhora nuestra demanda es que todo aborto sea seguro y gratuito. Y en este camino seguiremos vigilantes para su cumplimiento, porque las leyes dan certeza jur\u00eddica, pero se requiere infraestructura, recursos, personal sensibilizado y consciente de que su labor ser\u00e1 fundamental en la protecci\u00f3n del derecho a la vida de las mujeres y las ni\u00f1as oaxaque\u00f1as\u201d, dijo en un breve comunicado.<\/p>\n\n\n\n<p>Insisti\u00f3 en que el primer paso est\u00e1 dado aunque habr\u00e1 voces que representan a los sectores m\u00e1s conservadores que insistan en interponer recursos para evitar el ejercicio de los derechos de las mujeres.<\/p>\n\n\n\n<p>La diputada por Morena y una&nbsp;<a href=\"\/\/2\">de las tres<\/a>impulsoras de la reforma, Hilda Perez Luis, manifest\u00f3 que este momento hist\u00f3rico representa un acto de justicia a favor de las mujeres oaxaque\u00f1as, a la par que agradeci\u00f3 el acompa\u00f1amiento de organizaciones de la sociedad civil y el permitirle ser su voz en el Congreso.<\/p>\n\n\n\n<p>\u201cPorque juntas podemos lograr grandes cambios para terminar con a\u00f1os de criminalizaci\u00f3n y violencia hacia nosotras. Es necesario conjuntar esfuerzos para que todos nuestros derechos sean reconocidos y garantizados\u201d.<\/p>\n\n\n\n<p>A la celebraci\u00f3n se sumaron decenas de feministas en Oaxaca y otras partes de la Rep\u00fablica quienes reconocieron que en la entidad la despenalizaci\u00f3n del aborto se ley, logr\u00f3 que dijeron es de todas las mujeres.<br class=\"Apple-interchange-newline\"><\/p>\n\n\n\n<p><\/p>\n","protected":false},"excerpt":{"rendered":"<p>Evlin Arag\u00f3n\/Zona Roja. Oaxaca de Ju\u00e1rez, Oax., 29 de octubre de 2019.-\u00a0Feministas y activistas de&hellip;<\/p>\n","protected":false},"author":2,"featured_media":5243,"comment_status":"closed","ping_status":"open","sticky":false,"template":"","format":"standard","meta":{"_lmt_disableupdate":"","_lmt_disable":"","_jetpack_memberships_contains_paid_content":false,"footnotes":""},"categories":[109,46],"tags":[765],"class_list":["post-5244","post","type-post","status-publish","format-standard","has-post-thumbnail","hentry","category-minuto-a-minuto","category-zona-blanca","tag-despenalizacion-del-aborto-en-oaxaca"],"jetpack_featured_media_url":"https:\/\/zonaroja.com.mx\/wp-content\/uploads\/2019\/10\/img_3228.jpg","jetpack_sharing_enabled":true,"_links":{"self":[{"href":"https:\/\/zonaroja.com.mx\/index.php?rest_route=\/wp\/v2\/posts\/5244","targetHints":{"allow":["GET"]}}],"collection":[{"href":"https:\/\/zonaroja.com.mx\/index.php?rest_route=\/wp\/v2\/posts"}],"about":[{"href":"https:\/\/zonaroja.com.mx\/index.php?rest_route=\/wp\/v2\/types\/post"}],"author":[{"embeddable":true,"href":"https:\/\/zonaroja.com.mx\/index.php?rest_route=\/wp\/v2\/users\/2"}],"replies":[{"embeddable":true,"href":"https:\/\/zonaroja.com.mx\/index.php?rest_route=%2Fwp%2Fv2%2Fcomments&post=5244"}],"version-history":[{"count":3,"href":"https:\/\/zonaroja.com.mx\/index.php?rest_route=\/wp\/v2\/posts\/5244\/revisions"}],"predecessor-version":[{"id":5267,"href":"https:\/\/zonaroja.com.mx\/index.php?rest_route=\/wp\/v2\/posts\/5244\/revisions\/5267"}],"wp:featuredmedia":[{"embeddable":true,"href":"https:\/\/zonaroja.com.mx\/index.php?rest_route=\/wp\/v2\/media\/5243"}],"wp:attachment":[{"href":"https:\/\/zonaroja.com.mx\/index.php?rest_route=%2Fwp%2Fv2%2Fmedia&parent=5244"}],"wp:term":[{"taxonomy":"category","embeddable":true,"href":"https:\/\/zonaroja.com.mx\/index.php?rest_route=%2Fwp%2Fv2%2Fcategories&post=5244"},{"taxonomy":"post_tag","embeddable":true,"href":"https:\/\/zonaroja.com.mx\/index.php?rest_route=%2Fwp%2Fv2%2Ftags&post=5244"}],"curies":[{"name":"wp","href":"https:\/\/api.w.org\/{rel}","templated":true}]}}