{"id":52447,"date":"2023-03-06T06:58:44","date_gmt":"2023-03-06T12:58:44","guid":{"rendered":"http:\/\/www.zonaroja.com.mx\/?p=52447"},"modified":"2023-03-06T08:18:58","modified_gmt":"2023-03-06T14:18:58","slug":"opinion-salomon-jara-y-sus-100-dias-de-desastres","status":"publish","type":"post","link":"https:\/\/zonaroja.com.mx\/?p=52447","title":{"rendered":"Opini\u00f3n. Salom\u00f3n Jara y sus 100 d\u00edas de desastres"},"content":{"rendered":"\n<p>Ismael Garc\u00eda M.\/Zona Roja.<\/p>\n\n\n\n<p>Oaxaca de Ju\u00e1rez, Oax., a 6 de marzo de 2023.- En s\u00f3lo 100 d\u00edas, Salom\u00f3n Jara Cruz ha demostrado lo que se perfila ser\u00e1n sus seis a\u00f1os en el gobierno:<\/p>\n\n\n\n<p>Feminicidios y homicidios al extremo; linchamientos y masacres; represi\u00f3n policiaca a manifestaciones sociales; temor y exceso de tolerancia hacia el magisterio y los normalistas; proselitismo permanente a favor de Morena; uso de recursos p\u00fablicos para fines ajenos.<\/p>\n\n\n\n<p>En realidad, la llamada \u201cPrimavera oaxaque\u00f1a\u201d no ha sido m\u00e1s que un crudo invierno que inici\u00f3 el 1 de diciembre y que ha estado lleno adem\u00e1s de improvisaciones en el gobierno; imposici\u00f3n de familiares, afectos y pago de cuotas en distintos cargos.<\/p>\n\n\n\n<p>Y tambi\u00e9n se ha caracterizado por desatender las peticiones de los organismos civiles, que le han exigido un trabajo real y serio para combatir la violencia de g\u00e9nero, pues protege a\u00fan a varios funcionarios se\u00f1alados de acoso sexual, de violencia familiar o de ser deudores alimentarios, entre otros.<\/p>\n\n\n\n<p>Pero sobre todo, se ha distinguido por culpar al pasado de los graves hechos de violencia y fracasos en la pol\u00edtica interna: cuando no es el \u201cse\u00f1or de Polanco\u201d (Jos\u00e9 Murat) es Jos\u00e9 Manuel Vera Salinas, o es quien gobern\u00f3 el sexenio anterior, el priista Alejandro Murat Hinojosa, ante la falta de capacidad para atender y solucionar los conflictos.<\/p>\n\n\n\n<p>\u00bfEn realidad son ellos los generadores de la violencia? \u00bfY por qu\u00e9 no los denuncian formalmente? \u00bfY en d\u00f3nde est\u00e1n las pruebas para se\u00f1alarlos? \u00bfCon qu\u00e9 cara pueden Karina Bar\u00f3n o el marino Iv\u00e1n Garc\u00eda se\u00f1alar a Vera Salinas si han sido cobijados por el esp\u00eda favorito de los Murat?<\/p>\n\n\n\n<p>DESD\u00c9N PRESIDENCIAL<\/p>\n\n\n\n<p>La periodista de ZONA ROJA, Yuridiana Sosa, ha preparado un recuento de hechos de estos desastrosos 100 d\u00edas, pero en esta columna daremos a conocer un adelanto de ello, que incluye el desd\u00e9n presidencial.<\/p>\n\n\n\n<p>Mientras con Alejandro Murat, el Presidente de M\u00e9xico era viajero frecuente de Oaxaca, con Salom\u00f3n Jara ha mantenido una extra\u00f1a \u201csana distancia\u201d e incluso le ha reconvenido \u201cque se ponga a trabajar\u201d.<\/p>\n\n\n\n<p>No fue sino mes y medio despu\u00e9s de que el morenista asumi\u00f3 el cargo, cuando lleg\u00f3 Andr\u00e9s Manuel L\u00f3pez Obrador a la entidad por primera vez.<\/p>\n\n\n\n<p>Fue el 14 de enero, en visitas rel\u00e1mpago, para recorrer v\u00eda a\u00e9rea la supercarretrera al Istmo y presidir en Huatulco una reuni\u00f3n de evaluaci\u00f3n de da\u00f1os causados por \u201c\u00c1gatha\u201d; al d\u00eda siguiente acudi\u00f3 a supervisar las obras de la supercarretera a la Costa y a dialogar con pobladores de San Vicente Coatl\u00e1n.<\/p>\n\n\n\n<p>En cambio, el 5 de febrero en Quer\u00e9taro, el mandatario mexicano desde\u00f1\u00f3 al gobernante oaxaque\u00f1o y lo dej\u00f3 con la palabra en la boca; s\u00f3lo volte\u00f3 para decirle que no descuidara al estado; \u00abno hay que abandonar Oaxaca\u00bb, le dijo.<\/p>\n\n\n\n<p>PROSELITISMO<\/p>\n\n\n\n<p>Hay mucho qu\u00e9 decir y escribir sobre los continuos yerros en el gabinete legal y ampliado, principalmente con la designaci\u00f3n de muchos funcionarios improvisados que, sin tener experiencia o preparaci\u00f3n profesional para el cargo, han sido favorecidos con un puesto.<\/p>\n\n\n\n<p>O las nulas acciones de varias dependencias, como la Secretar\u00eda de Bienestar que encabeza Laura Estrada, cuyas \u00fanicas acciones son los tequios por doquier, m\u00e1s para promover su imagen que para ayudar a la gente; de programas sociales, nada se sabe.<\/p>\n\n\n\n<p>Sonoros fracasos en materia de pol\u00edtica interna, con Jes\u00fas Romero, cuya soberbia es proporcional a sus acciones; el m\u00e1s sonado, la mesa de di\u00e1logo en la zona Triqui, que sigue suspendida. Acaso su \u00fanico m\u00e9rito, echarse la culpa de usar polic\u00edas para reprimir a ind\u00edgenas.<\/p>\n\n\n\n<p>Qu\u00e9 decir en materia de seguridad, donde el marino secretario ni siquiera ha podido recorrer el 10 por ciento de los municipios del estado para intentar conocer un poco la idiosincracia; en el colmo, se ha rodeado de asesores tambi\u00e9n ajenos a Oaxaca.<\/p>\n\n\n\n<p>Otro de tantos casos es Emilio Montero, que apenas esta semana estuvo en el Istmo de nueva cuenta y visit\u00f3 su rojo municipio, en lugar de atender los graves problemas del IEEPO con el magisterio y los normalistas.<\/p>\n\n\n\n<p>Una secretaria de Educaci\u00f3n, Delfina Guzm\u00e1n D\u00edaz, que ni oficinas ni funciones propias tiene, y pr\u00e1cticamente realiza labores ya encomendadas a otro organismo.<\/p>\n\n\n\n<p>Con anterioridad tambi\u00e9n hemos dado a conocer el grave caso de nepotismo y probable corrupci\u00f3n de No\u00e9 Jara Cruz que utiliza toda la estructura gubernamental para promover su imagen, en busca de la presidencia municipal de Oaxaca de Ju\u00e1rez.<\/p>\n\n\n\n<p>O de los hijos del gobernador, que han sido colocados en puestos estrat\u00e9gicos del Partido Morena, a nivel nacional y estatal, para promoverlos tambi\u00e9n pol\u00edticamente.<\/p>\n\n\n\n<p>\u00bfD\u00f3nde puede haber resultados si la mayor\u00eda de los funcionarios de Salom\u00f3n Jara se han dedicado \u00fanicamente al proselitismo? Tequios, lecturas, \u201casambleas\u201d de evaluaci\u00f3n en municipios afectados por \u201c\u00c1gatha\u201d y m\u00e1s.&nbsp;<\/p>\n\n\n\n<p>Y en la pol\u00edtica de comunicaci\u00f3n, peores fallas que han llegado al in\u00e9dito hecho de las agresiones en contra de los trabajadores de los medios de comunicaci\u00f3n y los constantes impedimentos para que realicen su labor.<\/p>\n\n\n\n<p>\u00bfObras p\u00fablicas? Ninguna. En cambio, a incorporado o sigue incorporando a ex funcionarios reciclados y se\u00f1alados, como Germ\u00e1n Tenorio, a ex priistas o priistas como Manuel Garc\u00eda Corpus.<\/p>\n\n\n\n<p>\u00bfY LA CORRUPCI\u00d3N?<\/p>\n\n\n\n<p>Mientras tanto, a 100 d\u00edas, no hay hasta ahora ninguna acusaci\u00f3n formal o inicio de investigaci\u00f3n en contra de Alejandro Murat \u2014que campante recorre el pa\u00eds con cargo al millonario ahorro que hizo y con escasos seguidores\u2014 ni nadie m\u00e1s.<\/p>\n\n\n\n<p>El sistema de transporte Citybus, el centro de congresos de Huatulco, el Circuito Interior, la avenida S\u00edmbolos Patrios, el centro cultural \u201c\u00c1lvaro Carrillo\u201d, son s\u00f3lo algunos de los muchos pendientes.<\/p>\n\n\n\n<p>La irregular deuda p\u00fablica que creci\u00f3 en el sexenio de Murat y no, como hab\u00eda propalado, se redujo; la venta de plazas laborales en contubernio con el sindicato de bur\u00f3cratas y otros tantos casos m\u00e1s.<\/p>\n\n\n\n<p>Pero, como dijimos, Salom\u00f3n Jara no podr\u00e1, m\u00e1s que en discursos, tocar a Alejandro Murat Hinojosa, porque es un protegido del Presidente L\u00f3pez Obrador. Y si logra confirmar actos fuera de la ley, a lo mucho ir\u00e1 contra funcionarios menores del sexenio pasado.<\/p>\n\n\n\n<p>\u00bfCambiar\u00e1 Salom\u00f3n Jara Cruz su din\u00e1mica de gobierno ante este desastroso inicio? Dif\u00edcil. Es su din\u00e1mica de siempre.<\/p>\n","protected":false},"excerpt":{"rendered":"<p>Ismael Garc\u00eda M.\/Zona Roja. Oaxaca de Ju\u00e1rez, Oax., a 6 de marzo de 2023.- En&hellip;<\/p>\n","protected":false},"author":2,"featured_media":41735,"comment_status":"closed","ping_status":"open","sticky":false,"template":"","format":"standard","meta":{"_lmt_disableupdate":"","_lmt_disable":"","_jetpack_memberships_contains_paid_content":false,"footnotes":""},"categories":[456,109,48],"tags":[1353],"class_list":["post-52447","post","type-post","status-publish","format-standard","has-post-thumbnail","hentry","category-columna","category-minuto-a-minuto","category-zona-critica","tag-opinion-zona-critica"],"jetpack_featured_media_url":"https:\/\/zonaroja.com.mx\/wp-content\/uploads\/2022\/05\/Opinion-Ismael-Garcia-M.jpg","jetpack_sharing_enabled":true,"_links":{"self":[{"href":"https:\/\/zonaroja.com.mx\/index.php?rest_route=\/wp\/v2\/posts\/52447","targetHints":{"allow":["GET"]}}],"collection":[{"href":"https:\/\/zonaroja.com.mx\/index.php?rest_route=\/wp\/v2\/posts"}],"about":[{"href":"https:\/\/zonaroja.com.mx\/index.php?rest_route=\/wp\/v2\/types\/post"}],"author":[{"embeddable":true,"href":"https:\/\/zonaroja.com.mx\/index.php?rest_route=\/wp\/v2\/users\/2"}],"replies":[{"embeddable":true,"href":"https:\/\/zonaroja.com.mx\/index.php?rest_route=%2Fwp%2Fv2%2Fcomments&post=52447"}],"version-history":[{"count":2,"href":"https:\/\/zonaroja.com.mx\/index.php?rest_route=\/wp\/v2\/posts\/52447\/revisions"}],"predecessor-version":[{"id":52465,"href":"https:\/\/zonaroja.com.mx\/index.php?rest_route=\/wp\/v2\/posts\/52447\/revisions\/52465"}],"wp:featuredmedia":[{"embeddable":true,"href":"https:\/\/zonaroja.com.mx\/index.php?rest_route=\/wp\/v2\/media\/41735"}],"wp:attachment":[{"href":"https:\/\/zonaroja.com.mx\/index.php?rest_route=%2Fwp%2Fv2%2Fmedia&parent=52447"}],"wp:term":[{"taxonomy":"category","embeddable":true,"href":"https:\/\/zonaroja.com.mx\/index.php?rest_route=%2Fwp%2Fv2%2Fcategories&post=52447"},{"taxonomy":"post_tag","embeddable":true,"href":"https:\/\/zonaroja.com.mx\/index.php?rest_route=%2Fwp%2Fv2%2Ftags&post=52447"}],"curies":[{"name":"wp","href":"https:\/\/api.w.org\/{rel}","templated":true}]}}