{"id":52449,"date":"2023-03-06T07:41:51","date_gmt":"2023-03-06T13:41:51","guid":{"rendered":"http:\/\/www.zonaroja.com.mx\/?p=52449"},"modified":"2023-03-06T07:41:53","modified_gmt":"2023-03-06T13:41:53","slug":"ejecutan-a-taxista-en-san-antonio-de-la-cal-e-intentan-linchar-a-dos-en-chicapa","status":"publish","type":"post","link":"https:\/\/zonaroja.com.mx\/?p=52449","title":{"rendered":"Ejecutan a taxista en San Antonio de la Cal e intentan linchar a dos en Chicapa"},"content":{"rendered":"\n<p>Ismael Garc\u00eda M.\/Zona Roja.<\/p>\n\n\n\n<p>Oaxaca de Ju\u00e1rez, Oax., a 6 de marzo de 2023.- Un taxista fue asesinado a balazos la madrugada de este lunes en un bar ubicado en jurisdicci\u00f3n de San Antonio de la Cal, en la colindancia con la ciudad de Oaxaca.<\/p>\n\n\n\n<p>Fue alrededor de las 04:00 horas en el interior del bar \u201cLa Envidia\u201d, ubicado en la ribera del r\u00edo \u201cSalado\u201d casi esquina con avenida S\u00edmbolos Patrios, en que ultimaron a Avelino R. C., de aproximadamente 35 a\u00f1os de edad, mientras su taxi n\u00famero 532 del sitio \u201cReforma\u201d qued\u00f3 en el exterior.<\/p>\n\n\n\n<p>Personal de la Fiscal\u00eda General del Estado de Oaxaca acudi\u00f3 de inmediato al sitio para iniciar las indagatorias correspondientes.<\/p>\n\n\n\n<p>INTENTAN LINCHARLOS<\/p>\n\n\n\n<p>Por otra parte, en Chicapa de Castro, agencia municipal de Juchit\u00e1n de Zaragoza, dos personas del sexo masculino estuvieron a punto de ser linchadas, tras ser culpadas de un asalto a un local comercial.<\/p>\n\n\n\n<p>Fue cerca de la media noche en que, tras los gritos de auxilio de la v\u00edctima, a quien adem\u00e1s lesionaron de bala, los pobladores buscaron a dos j\u00f3venes que hab\u00edan robado en la tienda de abarrotes \u201cKelly\u201d.<\/p>\n\n\n\n<p>Los localizaron en un domicilio de donde los sacaron, los golpearon y colgaron de un \u00e1rbol para lincharlos; sin embargo, intervinieron sus familiares para suplicar que los bajaran.<\/p>\n\n\n\n<p>Tras ello les entregaron a los identificados como Abel F., de 21 a\u00f1os de edad, y Cristian R., quienes fueron trasladados a un hospital de Juchit\u00e1n, donde a\u00fan reciben atenci\u00f3n m\u00e9dica.<\/p>\n\n\n\n<p>OTROS CR\u00cdMENES<\/p>\n\n\n\n<p>Tambi\u00e9n anoche pero en la localidad de San Pedro Huanacaxtle, del municipio de San Gabriel Mixtepec, fue localizado el cuerpo sin vida de una persona del sexo masculino, con varios impactos de arma de fuego.<\/p>\n\n\n\n<p>La v\u00edctima fue identificada de manera preliminar como Nazario C. R., de oficio ganadero y a\u00fan se desconocen los motivos por los cuales fue asesinado.<\/p>\n\n\n\n<p>Mientras tanto, la noche del s\u00e1bado en San Juan Cacahuatepec, municipio de la regi\u00f3n Costa, fue ultimado a balazos un individuo identificado con las iniciales D. H. L., de 32 a\u00f1os de edad; a\u00fan se desconoce la identidad de los agresores.&nbsp;<\/p>\n","protected":false},"excerpt":{"rendered":"<p>Ismael Garc\u00eda M.\/Zona Roja. Oaxaca de Ju\u00e1rez, Oax., a 6 de marzo de 2023.- Un&hellip;<\/p>\n","protected":false},"author":2,"featured_media":52455,"comment_status":"closed","ping_status":"open","sticky":false,"template":"","format":"standard","meta":{"_lmt_disableupdate":"","_lmt_disable":"","_jetpack_memberships_contains_paid_content":false,"footnotes":""},"categories":[109,51],"tags":[3124,875],"class_list":["post-52449","post","type-post","status-publish","format-standard","has-post-thumbnail","hentry","category-minuto-a-minuto","category-zona-roja","tag-chicapa-de-castro","tag-san-antonio-de-la-cal"],"jetpack_featured_media_url":"https:\/\/zonaroja.com.mx\/wp-content\/uploads\/2023\/03\/Escena-crimen-asesinato-violencia.jpg","jetpack_sharing_enabled":true,"_links":{"self":[{"href":"https:\/\/zonaroja.com.mx\/index.php?rest_route=\/wp\/v2\/posts\/52449","targetHints":{"allow":["GET"]}}],"collection":[{"href":"https:\/\/zonaroja.com.mx\/index.php?rest_route=\/wp\/v2\/posts"}],"about":[{"href":"https:\/\/zonaroja.com.mx\/index.php?rest_route=\/wp\/v2\/types\/post"}],"author":[{"embeddable":true,"href":"https:\/\/zonaroja.com.mx\/index.php?rest_route=\/wp\/v2\/users\/2"}],"replies":[{"embeddable":true,"href":"https:\/\/zonaroja.com.mx\/index.php?rest_route=%2Fwp%2Fv2%2Fcomments&post=52449"}],"version-history":[{"count":1,"href":"https:\/\/zonaroja.com.mx\/index.php?rest_route=\/wp\/v2\/posts\/52449\/revisions"}],"predecessor-version":[{"id":52456,"href":"https:\/\/zonaroja.com.mx\/index.php?rest_route=\/wp\/v2\/posts\/52449\/revisions\/52456"}],"wp:featuredmedia":[{"embeddable":true,"href":"https:\/\/zonaroja.com.mx\/index.php?rest_route=\/wp\/v2\/media\/52455"}],"wp:attachment":[{"href":"https:\/\/zonaroja.com.mx\/index.php?rest_route=%2Fwp%2Fv2%2Fmedia&parent=52449"}],"wp:term":[{"taxonomy":"category","embeddable":true,"href":"https:\/\/zonaroja.com.mx\/index.php?rest_route=%2Fwp%2Fv2%2Fcategories&post=52449"},{"taxonomy":"post_tag","embeddable":true,"href":"https:\/\/zonaroja.com.mx\/index.php?rest_route=%2Fwp%2Fv2%2Ftags&post=52449"}],"curies":[{"name":"wp","href":"https:\/\/api.w.org\/{rel}","templated":true}]}}