{"id":52460,"date":"2023-03-06T11:50:00","date_gmt":"2023-03-06T17:50:00","guid":{"rendered":"http:\/\/www.zonaroja.com.mx\/?p=52460"},"modified":"2023-03-06T08:12:02","modified_gmt":"2023-03-06T14:12:02","slug":"se-estanca-aprobacion-de-lopez-obrador-segun-encuesta","status":"publish","type":"post","link":"https:\/\/zonaroja.com.mx\/?p=52460","title":{"rendered":"Se estanca aprobaci\u00f3n de L\u00f3pez Obrador, seg\u00fan encuesta"},"content":{"rendered":"\n<p>Redacci\u00f3n\/Zona Roja Cdmx.<\/p>\n\n\n\n<p>Ciudad de M\u00e9xico, a 6 de marzo de 2023.- La aprobaci\u00f3n ciudadana al presidente Andr\u00e9s Manuel L\u00f3pez Obrador se ubic\u00f3 en 54 por ciento en febrero, sin variaciones respecto al mes anterior, de acuerdo con la encuesta nacional de \u201cEl Financiero\u201d.<\/p>\n\n\n\n<p>Seg\u00fan el estudio, realizado a mil 100 personas v\u00eda telef\u00f3nica el mes pasado, la desaprobaci\u00f3n al mandatario es de 46 por ciento, un punto m\u00e1s que en enero, siendo la cifra m\u00e1s alta de rechazo registrada desde el inicio de la gesti\u00f3n de L\u00f3pez Obrador.<\/p>\n\n\n\n<p>La encuesta tambi\u00e9n revela una ligera mejora en las percepciones sobre el manejo de la econom\u00eda, en la que la opini\u00f3n favorable pas\u00f3 de 31 a 34 por ciento en el \u00faltimo mes.&nbsp;<\/p>\n\n\n\n<p>No obstante, la opini\u00f3n negativa se mantuvo en un nivel muy similar al del mes anterior, al moverse de 52 a 51 por ciento. El sentimiento de malestar econ\u00f3mico contin\u00faa siendo mayoritario.<\/p>\n\n\n\n<p>En el rubro de seguridad p\u00fablica, la opini\u00f3n positiva registr\u00f3 27 por ciento en febrero, un punto m\u00e1s que en enero. Por otra parte, la opini\u00f3n negativa tuvo una variaci\u00f3n al alza de dos puntos, al pasar de 57 a 59 por ciento.<\/p>\n\n\n\n<p>En corrupci\u00f3n, la opini\u00f3n favorable registr\u00f3 35 por ciento, al igual que el mes anterior, y la opini\u00f3n desfavorable, 45 por ciento, un punto m\u00e1s.<\/p>\n\n\n\n<p>LAS \u00c1REAS<\/p>\n\n\n\n<p>Los aspectos m\u00e1s positivos que resaltan en la encuesta respecto de la gesti\u00f3n de gobierno son los apoyos sociales, con 48 por ciento de opini\u00f3n positiva y 31 por ciento de opini\u00f3n negativa, mientras que los servicios p\u00fablicos de salud arrojan 47 por ciento de opini\u00f3n favorable, y 36 por ciento de opini\u00f3n desfavorable.<\/p>\n\n\n\n<p>A pesar de la relativa estabilidad en todos estos indicadores, la evaluaci\u00f3n sobre el rumbo de M\u00e9xico registr\u00f3 una segunda alza consecutiva en la opini\u00f3n de que el pa\u00eds va por mal camino, al pasar de 31 a 35 por ciento en el \u00faltimo mes, sumando siete puntos al alza desde diciembre, cuando se registr\u00f3 28 por ciento.<\/p>\n\n\n\n<p>En contraste, la opini\u00f3n de que M\u00e9xico va por buen camino baj\u00f3 de 38 a 33 por ciento, entre enero y febrero.<\/p>\n\n\n\n<p>SOBRE GARC\u00cdA LUNA<\/p>\n\n\n\n<p>El sondeo indica que 71 por ciento de los entrevistados se enter\u00f3 del juicio a Genaro Garc\u00eda Luna, exsecretario de Seguridad P\u00fablica.<\/p>\n\n\n\n<p>El 40 por ciento opina que, al ser declarado culpable, ah\u00ed quedar\u00e1 el asunto, pero 47 por ciento cree que con esto se abrir\u00e1n m\u00e1s investigaciones al Gobierno de Felipe Calder\u00f3n.<\/p>\n\n\n\n<p>Desde que se anunci\u00f3 el veredicto en el jurado de Nueva York, el Gobierno y Morena han explotado ret\u00f3ricamente el tema de Garc\u00eda Luna. En su conferencia matutina del martes, L\u00f3pez Obrador afirm\u00f3 incluso que la tribuna de la conferencia \u2018ma\u00f1anera\u2019 est\u00e1 abierta al expresidente Calder\u00f3n para dar su testimonio.<\/p>\n\n\n\n<p>De acuerdo con la encuesta, 36 por ciento opina que el veredicto de culpable a Garc\u00eda Luna fortalece a L\u00f3pez Obrador y a Morena; otro 12 por ciento cree que fortalece solamente al mandatario. En contraste, 40 por ciento no ve que el juicio influya en el apoyo al titular del Ejecutivo o a su partido.<\/p>\n\n\n\n<p>Metodolog\u00eda: Encuesta nacional realizada v\u00eda telef\u00f3nica a 1,100 mexicanos adultos el 10-11 y 24-25 de febrero de 2023. Se hizo un muestreo probabil\u00edstico de tel\u00e9fonos residenciales y celulares en las 32 entidades federativas. Con un nivel de confianza de 95%, el margen de error de las estimaciones es de +\/-3.0 por ciento. * Pregunta realizada el 24-25 de febrero (n=500).<\/p>\n\n\n\n<p>(Patrocinio y Realizaci\u00f3n: \u201cEl Financiero\u201d)<\/p>\n","protected":false},"excerpt":{"rendered":"<p>Redacci\u00f3n\/Zona Roja Cdmx. Ciudad de M\u00e9xico, a 6 de marzo de 2023.- La aprobaci\u00f3n ciudadana&hellip;<\/p>\n","protected":false},"author":2,"featured_media":18420,"comment_status":"closed","ping_status":"open","sticky":false,"template":"","format":"standard","meta":{"_lmt_disableupdate":"","_lmt_disable":"","_jetpack_memberships_contains_paid_content":false,"footnotes":""},"categories":[109,47],"tags":[143],"class_list":["post-52460","post","type-post","status-publish","format-standard","has-post-thumbnail","hentry","category-minuto-a-minuto","category-zona-gris","tag-andres-manuel-lopez-obrador"],"jetpack_featured_media_url":"https:\/\/zonaroja.com.mx\/wp-content\/uploads\/2020\/10\/Lopez-Obrador-autoritario.jpg","jetpack_sharing_enabled":true,"_links":{"self":[{"href":"https:\/\/zonaroja.com.mx\/index.php?rest_route=\/wp\/v2\/posts\/52460","targetHints":{"allow":["GET"]}}],"collection":[{"href":"https:\/\/zonaroja.com.mx\/index.php?rest_route=\/wp\/v2\/posts"}],"about":[{"href":"https:\/\/zonaroja.com.mx\/index.php?rest_route=\/wp\/v2\/types\/post"}],"author":[{"embeddable":true,"href":"https:\/\/zonaroja.com.mx\/index.php?rest_route=\/wp\/v2\/users\/2"}],"replies":[{"embeddable":true,"href":"https:\/\/zonaroja.com.mx\/index.php?rest_route=%2Fwp%2Fv2%2Fcomments&post=52460"}],"version-history":[{"count":1,"href":"https:\/\/zonaroja.com.mx\/index.php?rest_route=\/wp\/v2\/posts\/52460\/revisions"}],"predecessor-version":[{"id":52461,"href":"https:\/\/zonaroja.com.mx\/index.php?rest_route=\/wp\/v2\/posts\/52460\/revisions\/52461"}],"wp:featuredmedia":[{"embeddable":true,"href":"https:\/\/zonaroja.com.mx\/index.php?rest_route=\/wp\/v2\/media\/18420"}],"wp:attachment":[{"href":"https:\/\/zonaroja.com.mx\/index.php?rest_route=%2Fwp%2Fv2%2Fmedia&parent=52460"}],"wp:term":[{"taxonomy":"category","embeddable":true,"href":"https:\/\/zonaroja.com.mx\/index.php?rest_route=%2Fwp%2Fv2%2Fcategories&post=52460"},{"taxonomy":"post_tag","embeddable":true,"href":"https:\/\/zonaroja.com.mx\/index.php?rest_route=%2Fwp%2Fv2%2Ftags&post=52460"}],"curies":[{"name":"wp","href":"https:\/\/api.w.org\/{rel}","templated":true}]}}