{"id":52462,"date":"2023-03-06T11:12:00","date_gmt":"2023-03-06T17:12:00","guid":{"rendered":"http:\/\/www.zonaroja.com.mx\/?p=52462"},"modified":"2023-03-06T08:16:37","modified_gmt":"2023-03-06T14:16:37","slug":"activistas-y-familiares-de-victimas-presentaran-denuncia-vs-garcia-luna","status":"publish","type":"post","link":"https:\/\/zonaroja.com.mx\/?p=52462","title":{"rendered":"Activistas y familiares de v\u00edctimas presentar\u00e1n denuncia vs. Garc\u00eda Luna"},"content":{"rendered":"\n<p>Redacci\u00f3n\/Zona Roja Cdmx.<\/p>\n\n\n\n<p>Ciudad de M\u00e9xico, a 6 de marzo de 2023.- Activistas y familiares de v\u00edctimas presentar\u00e1n una&nbsp;denuncia&nbsp;contra&nbsp;Genaro&nbsp;Garc\u00eda Luna, exsecretario de Seguridad P\u00fablica del Gobierno de M\u00e9xico, por&nbsp;traici\u00f3n a la patria.<\/p>\n\n\n\n<p>El abogado Carlos S\u00e1nchez explic\u00f3 que se considera traici\u00f3n a la patria que fungiendo como servidor p\u00fablico, Garc\u00eda Luna creara las condiciones para que un grupo criminal (C\u00e1rtel de Sinaloa) desarrollara su actividad delictiva e inclusive ayudara a sus miembros a infiltrarse dentro de las instituciones.<\/p>\n\n\n\n<p>Este lunes ser\u00e1 presentada la&nbsp;denuncia&nbsp;ante la&nbsp;Fiscal\u00eda General de la Rep\u00fablica&nbsp;(FGR).<\/p>\n\n\n\n<p>Posteriormente, los activistas y familiares de v\u00edctimas acudir\u00e1n a la Suprema Corte de Justicia de la Naci\u00f3n (SCJN) para una&nbsp;reuni\u00f3n&nbsp;con la ministra presidenta&nbsp;Norma&nbsp;Pi\u00f1a, a quien explicar\u00e1n el caso y solicitar\u00e1n su resoluci\u00f3n.<\/p>\n\n\n\n<p>El principal objetivo es la&nbsp;liberaci\u00f3n&nbsp;de al menos 34&nbsp;presos inocentes, 15 de ellos detenidos por la entonces&nbsp;Agencia Federal de Investigaci\u00f3n&nbsp;(AFI) para participar en el denominado \u201cmontaje\u201d de la captura de Florence Cassez e Israel Vallarta.<\/p>\n\n\n\n<p>\u201cLogramos rescatar los videos de los montajes, as\u00ed como otras pruebas. Por ejemplo, 11 de esos 15 vienen en una sola investigaci\u00f3n y los hacen pasar como secuestradores\u201d, detall\u00f3 el litigante.<\/p>\n\n\n\n<p>(Informaci\u00f3n de L\u00f3pez-D\u00f3riga Digital)<\/p>\n","protected":false},"excerpt":{"rendered":"<p>Redacci\u00f3n\/Zona Roja Cdmx. Ciudad de M\u00e9xico, a 6 de marzo de 2023.- Activistas y familiares&hellip;<\/p>\n","protected":false},"author":2,"featured_media":6606,"comment_status":"closed","ping_status":"open","sticky":false,"template":"","format":"standard","meta":{"_lmt_disableupdate":"","_lmt_disable":"","_jetpack_memberships_contains_paid_content":false,"footnotes":""},"categories":[109,47],"tags":[1123],"class_list":["post-52462","post","type-post","status-publish","format-standard","has-post-thumbnail","hentry","category-minuto-a-minuto","category-zona-gris","tag-genaro-garcia-luna"],"jetpack_featured_media_url":"https:\/\/zonaroja.com.mx\/wp-content\/uploads\/2019\/12\/Genaro-Garc\u00eda-Luna.jpg","jetpack_sharing_enabled":true,"_links":{"self":[{"href":"https:\/\/zonaroja.com.mx\/index.php?rest_route=\/wp\/v2\/posts\/52462","targetHints":{"allow":["GET"]}}],"collection":[{"href":"https:\/\/zonaroja.com.mx\/index.php?rest_route=\/wp\/v2\/posts"}],"about":[{"href":"https:\/\/zonaroja.com.mx\/index.php?rest_route=\/wp\/v2\/types\/post"}],"author":[{"embeddable":true,"href":"https:\/\/zonaroja.com.mx\/index.php?rest_route=\/wp\/v2\/users\/2"}],"replies":[{"embeddable":true,"href":"https:\/\/zonaroja.com.mx\/index.php?rest_route=%2Fwp%2Fv2%2Fcomments&post=52462"}],"version-history":[{"count":1,"href":"https:\/\/zonaroja.com.mx\/index.php?rest_route=\/wp\/v2\/posts\/52462\/revisions"}],"predecessor-version":[{"id":52463,"href":"https:\/\/zonaroja.com.mx\/index.php?rest_route=\/wp\/v2\/posts\/52462\/revisions\/52463"}],"wp:featuredmedia":[{"embeddable":true,"href":"https:\/\/zonaroja.com.mx\/index.php?rest_route=\/wp\/v2\/media\/6606"}],"wp:attachment":[{"href":"https:\/\/zonaroja.com.mx\/index.php?rest_route=%2Fwp%2Fv2%2Fmedia&parent=52462"}],"wp:term":[{"taxonomy":"category","embeddable":true,"href":"https:\/\/zonaroja.com.mx\/index.php?rest_route=%2Fwp%2Fv2%2Fcategories&post=52462"},{"taxonomy":"post_tag","embeddable":true,"href":"https:\/\/zonaroja.com.mx\/index.php?rest_route=%2Fwp%2Fv2%2Ftags&post=52462"}],"curies":[{"name":"wp","href":"https:\/\/api.w.org\/{rel}","templated":true}]}}