{"id":52467,"date":"2023-03-06T13:18:53","date_gmt":"2023-03-06T19:18:53","guid":{"rendered":"http:\/\/www.zonaroja.com.mx\/?p=52467"},"modified":"2023-03-06T13:18:55","modified_gmt":"2023-03-06T19:18:55","slug":"en-menos-de-100-dias-del-gobierno-de-jara-49-feminicidios-en-oaxaca","status":"publish","type":"post","link":"https:\/\/zonaroja.com.mx\/?p=52467","title":{"rendered":"En menos de 100 d\u00edas del gobierno de Jara, 49 feminicidios en Oaxaca"},"content":{"rendered":"\n<p>Ismael Garc\u00eda M.\/Zona Roja.<\/p>\n\n\n\n<p>Oaxaca de Ju\u00e1rez, Oax., a 6 de marzo de 2023.- En v\u00edsperas del D\u00eda Internacional de la Mujer, en Santa Mar\u00eda Atzompa una femenina fue asesinada con violencia.&nbsp;<\/p>\n\n\n\n<p>Con este caso, suman 49 cr\u00edmenes contra mujeres, de acuerdo con cifras de organismos de la sociedad civil, en menos de 100 d\u00edas del actual gobierno que encabeza Salom\u00f3n Jara Cruz.<\/p>\n\n\n\n<p>El cuerpo de la mujer fue localizado esta ma\u00f1ana en un terreno bald\u00edo, sobre la calle Oyamel, entre las colonias Odisea y Forestal, de Santa Mar\u00eda Atzompa, municipio conurbado a la capital.<\/p>\n\n\n\n<p>Se presume que fue atacada con arma blanca, pues de manera preliminar se informa que presenta una herida &nbsp;en el cuello y otras m\u00e1s en el resto del cuerpo.<\/p>\n\n\n\n<p>Personal de la Fiscal\u00eda General del Estado de Oaxaca inici\u00f3 las indagatoria bajo los protocolos de feminicidio.<\/p>\n\n\n\n<p>El pr\u00f3ximo mi\u00e9rcoles se conmemora el D\u00eda Internacional de la Mujer y en Oaxaca habr\u00e1 m\u00faltiples marchas y protestas, incluyendo de la Secci\u00f3n 22 del SNTE. <\/p>\n\n\n\n<figure class=\"wp-block-embed\"><div class=\"wp-block-embed__wrapper\">\n<div class=\"twitter-tweet\"><blockquote class=\"twitter-tweet\" data-lang=\"es\"><p lang=\"es\" dir=\"ltr\"><a href=\"https:\/\/twitter.com\/hashtag\/%C3%9AltimoMinuto?src=hash&amp;ref_src=twsrc%5Etfw\">#\u00daltimoMinuto<\/a><br>Imparable la ola feminicida en <a href=\"https:\/\/twitter.com\/hashtag\/Oaxaca?src=hash&amp;ref_src=twsrc%5Etfw\">#Oaxaca<\/a>.<br>En v\u00edsperas del D\u00eda Internacional de la Mujer, esta ma\u00f1ana localizaron el cuerpo sin vida de una femenina, con huellas de violencia, en la jurisdicci\u00f3n de Santa Mar\u00eda <a href=\"https:\/\/twitter.com\/hashtag\/Atzompa?src=hash&amp;ref_src=twsrc%5Etfw\">#Atzompa<\/a>, colindante con San Jacinto Amilpas. <a href=\"https:\/\/t.co\/M92cqCSTxV\">pic.twitter.com\/M92cqCSTxV<\/a><\/p>&mdash; Zona Roja Oaxaca (@ZonaRoja_Oaxaca) <a href=\"https:\/\/twitter.com\/ZonaRoja_Oaxaca\/status\/1632773618085122049?ref_src=twsrc%5Etfw\">6 de marzo de 2023<\/a><\/blockquote><\/div>\n<\/div><\/figure>\n","protected":false},"excerpt":{"rendered":"<p>Ismael Garc\u00eda M.\/Zona Roja. Oaxaca de Ju\u00e1rez, Oax., a 6 de marzo de 2023.- En&hellip;<\/p>\n","protected":false},"author":2,"featured_media":52466,"comment_status":"closed","ping_status":"open","sticky":false,"template":"","format":"standard","meta":{"_lmt_disableupdate":"","_lmt_disable":"","_jetpack_memberships_contains_paid_content":false,"footnotes":""},"categories":[109,51],"tags":[],"class_list":["post-52467","post","type-post","status-publish","format-standard","has-post-thumbnail","hentry","category-minuto-a-minuto","category-zona-roja"],"jetpack_featured_media_url":"https:\/\/zonaroja.com.mx\/wp-content\/uploads\/2023\/03\/img_9786.jpg","jetpack_sharing_enabled":true,"_links":{"self":[{"href":"https:\/\/zonaroja.com.mx\/index.php?rest_route=\/wp\/v2\/posts\/52467","targetHints":{"allow":["GET"]}}],"collection":[{"href":"https:\/\/zonaroja.com.mx\/index.php?rest_route=\/wp\/v2\/posts"}],"about":[{"href":"https:\/\/zonaroja.com.mx\/index.php?rest_route=\/wp\/v2\/types\/post"}],"author":[{"embeddable":true,"href":"https:\/\/zonaroja.com.mx\/index.php?rest_route=\/wp\/v2\/users\/2"}],"replies":[{"embeddable":true,"href":"https:\/\/zonaroja.com.mx\/index.php?rest_route=%2Fwp%2Fv2%2Fcomments&post=52467"}],"version-history":[{"count":1,"href":"https:\/\/zonaroja.com.mx\/index.php?rest_route=\/wp\/v2\/posts\/52467\/revisions"}],"predecessor-version":[{"id":52468,"href":"https:\/\/zonaroja.com.mx\/index.php?rest_route=\/wp\/v2\/posts\/52467\/revisions\/52468"}],"wp:featuredmedia":[{"embeddable":true,"href":"https:\/\/zonaroja.com.mx\/index.php?rest_route=\/wp\/v2\/media\/52466"}],"wp:attachment":[{"href":"https:\/\/zonaroja.com.mx\/index.php?rest_route=%2Fwp%2Fv2%2Fmedia&parent=52467"}],"wp:term":[{"taxonomy":"category","embeddable":true,"href":"https:\/\/zonaroja.com.mx\/index.php?rest_route=%2Fwp%2Fv2%2Fcategories&post=52467"},{"taxonomy":"post_tag","embeddable":true,"href":"https:\/\/zonaroja.com.mx\/index.php?rest_route=%2Fwp%2Fv2%2Ftags&post=52467"}],"curies":[{"name":"wp","href":"https:\/\/api.w.org\/{rel}","templated":true}]}}