{"id":52469,"date":"2023-03-06T18:03:37","date_gmt":"2023-03-07T00:03:37","guid":{"rendered":"http:\/\/www.zonaroja.com.mx\/?p=52469"},"modified":"2023-03-06T18:03:38","modified_gmt":"2023-03-07T00:03:38","slug":"tension-mexico-eu-por-secuestro-de-cuatro-norteamericanos-en-tamaulipas","status":"publish","type":"post","link":"https:\/\/zonaroja.com.mx\/?p=52469","title":{"rendered":"Tensi\u00f3n M\u00e9xico-EU, por secuestro de cuatro norteamericanos en Tamaulipas"},"content":{"rendered":"\n<p>Redacci\u00f3n\/Zona Roja Cdmx.<\/p>\n\n\n\n<p>Ciudad de M\u00e9xico, a 6 de marzo de 2023.- La tensi\u00f3n entre los gobiernos de Estados Unidos y M\u00e9xico se increment\u00f3 este lunes, tras el secuestro de cuatro ciudadanos norteamericanos en Matamoros, Tamaulipas.<\/p>\n\n\n\n<p>El plagio se registr\u00f3 desde el pasado viernes y fue hasta ayer en el que el Bur\u00f3 Federal de Investigaci\u00f3n (FBI, por sus siglas en ingl\u00e9s) alert\u00f3 acerca del delito, tras lo cual ofreci\u00f3 una recompensa de 50 mil d\u00f3lares por cualquier informaci\u00f3n al respecto.<\/p>\n\n\n\n<p>Esta tarde, en rueda de prensa desde la Casa Blanca, en Washington, la autoridad estadounidense calific\u00f3 como inaceptable el secuestro de sus ciudadanos.<\/p>\n\n\n\n<p>\u201cEstamos pendientes del ataque y secuestro de cuatro ciudadanos estadounidenses en Matamoros, M\u00e9xico. Este tipo de ataques son inaceptables\u201d, dijo la portavoz de la Casa Blanca, Karine Jean-Pierre.<\/p>\n\n\n\n<p>Detall\u00f3 que de los hechos est\u00e1 informado el Presidente Joe Biden y que hay estrecha colaboraci\u00f3n con las autoridades norteamericanas, a trav\u00e9s del Departamento de Seguridad Nacional.<\/p>\n\n\n\n<p>LLEGA EMBAJADOR<\/p>\n\n\n\n<p>Previo a ello, el embajador de Estados Unidos en M\u00e9xico, Ken Salazar, arrib\u00f3 al Palacio Nacional, en la capital del pa\u00eds, para reunirse con el Presidente Andr\u00e9s Manuel L\u00f3pez Obrador.<\/p>\n\n\n\n<p>Por la ma\u00f1ana, el mandatario mexicano dijo que estaba enterado del suceso y expuso en que confiaba en que ser\u00edan localizados con vida.<\/p>\n\n\n\n<p>Seg\u00fan la informaci\u00f3n facilitada por el FBI, las cuatro personas secuestradas cruzaron el pasado viernes a Matamoros en un veh\u00edculo con matr\u00edcula de Carolina del Norte y, poco despu\u00e9s, unos hombres armados los asaltaron y los montaron a la fuerza en una camioneta tipo pick-up.<\/p>\n","protected":false},"excerpt":{"rendered":"<p>Redacci\u00f3n\/Zona Roja Cdmx. Ciudad de M\u00e9xico, a 6 de marzo de 2023.- La tensi\u00f3n entre&hellip;<\/p>\n","protected":false},"author":2,"featured_media":52470,"comment_status":"closed","ping_status":"open","sticky":false,"template":"","format":"standard","meta":{"_lmt_disableupdate":"","_lmt_disable":"","_jetpack_memberships_contains_paid_content":false,"footnotes":""},"categories":[109,47],"tags":[2919],"class_list":["post-52469","post","type-post","status-publish","format-standard","has-post-thumbnail","hentry","category-minuto-a-minuto","category-zona-gris","tag-matamoros-tamaulipas"],"jetpack_featured_media_url":"https:\/\/zonaroja.com.mx\/wp-content\/uploads\/2023\/03\/Matamoros-Tamaulipas.jpeg","jetpack_sharing_enabled":true,"_links":{"self":[{"href":"https:\/\/zonaroja.com.mx\/index.php?rest_route=\/wp\/v2\/posts\/52469","targetHints":{"allow":["GET"]}}],"collection":[{"href":"https:\/\/zonaroja.com.mx\/index.php?rest_route=\/wp\/v2\/posts"}],"about":[{"href":"https:\/\/zonaroja.com.mx\/index.php?rest_route=\/wp\/v2\/types\/post"}],"author":[{"embeddable":true,"href":"https:\/\/zonaroja.com.mx\/index.php?rest_route=\/wp\/v2\/users\/2"}],"replies":[{"embeddable":true,"href":"https:\/\/zonaroja.com.mx\/index.php?rest_route=%2Fwp%2Fv2%2Fcomments&post=52469"}],"version-history":[{"count":1,"href":"https:\/\/zonaroja.com.mx\/index.php?rest_route=\/wp\/v2\/posts\/52469\/revisions"}],"predecessor-version":[{"id":52471,"href":"https:\/\/zonaroja.com.mx\/index.php?rest_route=\/wp\/v2\/posts\/52469\/revisions\/52471"}],"wp:featuredmedia":[{"embeddable":true,"href":"https:\/\/zonaroja.com.mx\/index.php?rest_route=\/wp\/v2\/media\/52470"}],"wp:attachment":[{"href":"https:\/\/zonaroja.com.mx\/index.php?rest_route=%2Fwp%2Fv2%2Fmedia&parent=52469"}],"wp:term":[{"taxonomy":"category","embeddable":true,"href":"https:\/\/zonaroja.com.mx\/index.php?rest_route=%2Fwp%2Fv2%2Fcategories&post=52469"},{"taxonomy":"post_tag","embeddable":true,"href":"https:\/\/zonaroja.com.mx\/index.php?rest_route=%2Fwp%2Fv2%2Ftags&post=52469"}],"curies":[{"name":"wp","href":"https:\/\/api.w.org\/{rel}","templated":true}]}}