{"id":52472,"date":"2023-03-06T18:44:41","date_gmt":"2023-03-07T00:44:41","guid":{"rendered":"http:\/\/www.zonaroja.com.mx\/?p=52472"},"modified":"2023-03-06T18:46:54","modified_gmt":"2023-03-07T00:46:54","slug":"primavera-oaxaquena-del-caos-arranca-semana-con-bloqueos-y-protestas","status":"publish","type":"post","link":"https:\/\/zonaroja.com.mx\/?p=52472","title":{"rendered":"\u201cPrimavera oaxaque\u00f1a\u201d del caos: arranca semana con bloqueos y protestas"},"content":{"rendered":"\n<p>Yuridiana Sosa\/Zona Roja.<\/p>\n\n\n\n<p>Oaxaca de Ju\u00e1rez, Oax., a 6 de marzo de 2023.- En v\u00edsperas de los 100 d\u00edas de gobierno de Salom\u00f3n Jara, no hay pol\u00edtica interna que frene las movilizaciones y afectaciones ciudadanas en Oaxaca y esta semana nuevamente inicia con al menos cinco protestas en diferentes regiones de la entidad.<\/p>\n\n\n\n<p>En la capital oaxaque\u00f1a la Secci\u00f3n 22 del Sindicato Nacional de Trabajadores de la Educaci\u00f3n (SNTE), apoyados por estudiantes normalistas, volvieron a cerrar vialidades en la colonia Reforma, al norte de la ciudad.<\/p>\n\n\n\n<p>La movilizaci\u00f3n contempl\u00f3 la \u201ctoma\u201d de las oficinas del Instituto Estatal de Educaci\u00f3n P\u00fablica (IEEPO), por parte de docentes de Educaci\u00f3n Especial en cobertura a una mesa de trabajo con la Unidad de Educaci\u00f3n Especial.<\/p>\n\n\n\n<p>As\u00ed tambi\u00e9n, este lunes inici\u00f3 la quinta semana del \u201cplant\u00f3n\u201d que los egresados normalistas mantienen en el Centro Hist\u00f3rico de Oaxaca, en exigencia a la contrataci\u00f3n directa; en lugar de abordar este problema para dar fin a la afectaci\u00f3n a terceros, el director del IEEPO, Emilio Montero, ocup\u00f3 su fin de semana en actos proselitistas en la regi\u00f3n del Istmo.<\/p>\n\n\n\n<figure class=\"wp-block-embed is-type-rich is-provider-twitter wp-block-embed-twitter\"><div class=\"wp-block-embed__wrapper\">\n<div class=\"twitter-tweet\"><blockquote class=\"twitter-tweet\" data-lang=\"es\"><p lang=\"es\" dir=\"ltr\"><a href=\"https:\/\/twitter.com\/hashtag\/%C3%9AltimoMinuto?src=hash&amp;ref_src=twsrc%5Etfw\">#\u00daltimoMinuto<\/a><br>De nuevo fallas en la <a href=\"https:\/\/twitter.com\/SEGO_Oax?ref_src=twsrc%5Etfw\">@SEGO_Oax<\/a>; apenas ayer por la tarde contacto  al Consejo Ind\u00edgena Popular de Oaxaca \u201cRicardo Flores Mag\u00f3n\u201d, para pedirle que no proteste.<br>Hoy se instala frente al Palacio de Gobierno y ma\u00f1ana tambi\u00e9n; el mi\u00e9rcoles marchan. Aqu\u00ed el anuncio: <a href=\"https:\/\/t.co\/eDTmbMs2Zr\">pic.twitter.com\/eDTmbMs2Zr<\/a><\/p>&mdash; Zona Roja Oaxaca (@ZonaRoja_Oaxaca) <a href=\"https:\/\/twitter.com\/ZonaRoja_Oaxaca\/status\/1632797979555028993?ref_src=twsrc%5Etfw\">6 de marzo de 2023<\/a><\/blockquote><\/div>\n<\/div><\/figure>\n\n\n\n<p>Por otra parte, mujeres que integran la organizaci\u00f3n Consejo Ind\u00edgena Popular de Oaxaca \u201cRicardo Flores Mag\u00f3n\u201d se manifestaron a puerta de Palacio de Gobierno para exigir una mesa de di\u00e1logo con el gobernador Salom\u00f3n Jara.<\/p>\n\n\n\n<p>Las mujeres destacaron la lenta atenci\u00f3n de la Secretar\u00eda de Gobierno que encabeza Jes\u00fas Romero, pues a pesar de que entregaron su pliego de peticiones desde el 2022, apenas ayer, y luego de nunca poner fecha a una reuni\u00f3n prometida en enero, dicha dependencia se puso en contacto con la organizaci\u00f3n para suspender la protestas.<\/p>\n\n\n\n<p>El bloque femenino del CIPO anunci\u00f3 que este martes regresa a su manifestaci\u00f3n y marchar\u00e1n el pr\u00f3ximo ocho de marzo en defensa de sus derechos como mujeres ind\u00edgenas.<\/p>\n\n\n\n<p>EN EL ISTMO<\/p>\n\n\n\n<p>Tras dos d\u00edas de culminado un bloqueo de cinco d\u00edas en el Istmo, este lunes se volvi\u00f3 a registrar el cierre de la carretera 185 Trans\u00edstmica, en el entronque a Estaci\u00f3n Mogo\u00f1\u00e9 en el tramo Mat\u00edas Romero-Palomares, de San Juan Guichicovi.<\/p>\n\n\n\n<p>Docentes y padres de familia de la Escuela Secundaria T\u00e9cnica 101, de la comunidad, exigen al gobernador Salom\u00f3n Jara resuelva el problema de la falta de pagos de salarios a todos los trabajadores, pero a su vez, solvente el d\u00e9ficit del personal administrativo y docente.<\/p>\n\n\n\n<p>A falta de una respuesta inmediata en su primer d\u00eda de protesta, advirtieron que este martes regresar\u00e1n a bloquear.<\/p>\n\n\n\n<figure class=\"wp-block-embed is-type-rich is-provider-twitter wp-block-embed-twitter\"><div class=\"wp-block-embed__wrapper\">\n<div class=\"twitter-tweet\"><blockquote class=\"twitter-tweet\" data-lang=\"es\"><p lang=\"es\" dir=\"ltr\"><a href=\"https:\/\/twitter.com\/hashtag\/%C3%9AltimoMinuto?src=hash&amp;ref_src=twsrc%5Etfw\">#\u00daltimoMinuto<\/a><br>Pese a que lo anunciaron ayer, no hubo atenci\u00f3n por parte del <a href=\"https:\/\/twitter.com\/GobOax?ref_src=twsrc%5Etfw\">@GobOax<\/a> y padres de familia y docentes de una secundaria en San Juan Guichicovi, instalaron esta ma\u00f1ana su bloqueo en la carretera Trans\u00edstmica.<br>Este el mensaje que le env\u00edan al Presidente <a href=\"https:\/\/twitter.com\/lopezobrador_?ref_src=twsrc%5Etfw\">@lopezobrador_<\/a>: <a href=\"https:\/\/t.co\/rOESxRhmMt\">pic.twitter.com\/rOESxRhmMt<\/a><\/p>&mdash; Zona Roja Oaxaca (@ZonaRoja_Oaxaca) <a href=\"https:\/\/twitter.com\/ZonaRoja_Oaxaca\/status\/1632816597961433088?ref_src=twsrc%5Etfw\">6 de marzo de 2023<\/a><\/blockquote><\/div>\n<\/div><\/figure>\n\n\n\n<p>En tanto que en Salina Cruz, la obra del rompeolas, del proyecto del Corredor Interoce\u00e1nico, nuevamente fue motivo de protestas, ahora por los sindicatos Federaci\u00f3n Internacional de Trabajadores de Oaxaca (FITO) y de la Confederaci\u00f3n Internacional de Trabajadores CIT, de ese municipio y Salinas del Marqu\u00e9s.<\/p>\n\n\n\n<p>Los materialistas se manifestaron en el acceso a la obra de construcci\u00f3n del rompeolas para exigir participaci\u00f3n en los trabajos de acarreo de piedra, pues se\u00f1alan que son excluidos por el secretario de Gobierno, Jes\u00fas Romero, y beneficiar s\u00f3lo a un grupo, por lo que demandan una mesa de di\u00e1logo urgente.<\/p>\n\n\n\n<p>MIXTECA<\/p>\n\n\n\n<p>La supuesta exclusi\u00f3n en la obra p\u00fablica fue motivo de otra protesta en Huajuapan de Le\u00f3n, en la regi\u00f3n Mixteca.<\/p>\n\n\n\n<p>Integrantes de la Confederaci\u00f3n Internacional de Trabajadores (CIT) se manifestaron en el centro de ese municipio para exigir la distribuci\u00f3n igualitaria de trabajo en obras p\u00fablicas en la agencia Vista Hermosa, donde tienen presencia, pero no son tomados en cuenta.<\/p>\n\n\n\n<figure class=\"wp-block-embed is-type-rich is-provider-twitter wp-block-embed-twitter\"><div class=\"wp-block-embed__wrapper\">\n<div class=\"twitter-tweet\"><blockquote class=\"twitter-tweet\" data-lang=\"es\"><p lang=\"es\" dir=\"ltr\"><a href=\"https:\/\/twitter.com\/hashtag\/%C3%9AltimoMinuto?src=hash&amp;ref_src=twsrc%5Etfw\">#\u00daltimoMinuto<\/a><br>Mientras el director del <a href=\"https:\/\/twitter.com\/IEEPOGobOax?ref_src=twsrc%5Etfw\">@IEEPOGobOax<\/a>, <a href=\"https:\/\/twitter.com\/EMILIOMONTEROP?ref_src=twsrc%5Etfw\">@emiliomonterop<\/a>, anduvo en actos proselitistas el fin de semana en el Istmo, contin\u00faan las protestas y \u201ctoma\u201d de oficinas por parte de normalistas y docentes de la Secci\u00f3n 22; aqu\u00ed las oficinas de la colonia Reforma. <a href=\"https:\/\/t.co\/X26PohVYCE\">pic.twitter.com\/X26PohVYCE<\/a><\/p>&mdash; Zona Roja Oaxaca (@ZonaRoja_Oaxaca) <a href=\"https:\/\/twitter.com\/ZonaRoja_Oaxaca\/status\/1632782196569444352?ref_src=twsrc%5Etfw\">6 de marzo de 2023<\/a><\/blockquote><\/div>\n<\/div><\/figure>\n","protected":false},"excerpt":{"rendered":"<p>Yuridiana Sosa\/Zona Roja. Oaxaca de Ju\u00e1rez, Oax., a 6 de marzo de 2023.- En v\u00edsperas&hellip;<\/p>\n","protected":false},"author":2,"featured_media":52475,"comment_status":"closed","ping_status":"open","sticky":false,"template":"","format":"standard","meta":{"_lmt_disableupdate":"","_lmt_disable":"","_jetpack_memberships_contains_paid_content":false,"footnotes":""},"categories":[109,47],"tags":[2264],"class_list":["post-52472","post","type-post","status-publish","format-standard","has-post-thumbnail","hentry","category-minuto-a-minuto","category-zona-gris","tag-bloqueos-y-protestas-oaxaca"],"jetpack_featured_media_url":"https:\/\/zonaroja.com.mx\/wp-content\/uploads\/2023\/03\/Bloqueo-Guichicovi-Mogone-secundaria-tecnica.jpg","jetpack_sharing_enabled":true,"_links":{"self":[{"href":"https:\/\/zonaroja.com.mx\/index.php?rest_route=\/wp\/v2\/posts\/52472","targetHints":{"allow":["GET"]}}],"collection":[{"href":"https:\/\/zonaroja.com.mx\/index.php?rest_route=\/wp\/v2\/posts"}],"about":[{"href":"https:\/\/zonaroja.com.mx\/index.php?rest_route=\/wp\/v2\/types\/post"}],"author":[{"embeddable":true,"href":"https:\/\/zonaroja.com.mx\/index.php?rest_route=\/wp\/v2\/users\/2"}],"replies":[{"embeddable":true,"href":"https:\/\/zonaroja.com.mx\/index.php?rest_route=%2Fwp%2Fv2%2Fcomments&post=52472"}],"version-history":[{"count":2,"href":"https:\/\/zonaroja.com.mx\/index.php?rest_route=\/wp\/v2\/posts\/52472\/revisions"}],"predecessor-version":[{"id":52478,"href":"https:\/\/zonaroja.com.mx\/index.php?rest_route=\/wp\/v2\/posts\/52472\/revisions\/52478"}],"wp:featuredmedia":[{"embeddable":true,"href":"https:\/\/zonaroja.com.mx\/index.php?rest_route=\/wp\/v2\/media\/52475"}],"wp:attachment":[{"href":"https:\/\/zonaroja.com.mx\/index.php?rest_route=%2Fwp%2Fv2%2Fmedia&parent=52472"}],"wp:term":[{"taxonomy":"category","embeddable":true,"href":"https:\/\/zonaroja.com.mx\/index.php?rest_route=%2Fwp%2Fv2%2Fcategories&post=52472"},{"taxonomy":"post_tag","embeddable":true,"href":"https:\/\/zonaroja.com.mx\/index.php?rest_route=%2Fwp%2Fv2%2Ftags&post=52472"}],"curies":[{"name":"wp","href":"https:\/\/api.w.org\/{rel}","templated":true}]}}