{"id":52479,"date":"2023-03-06T21:18:22","date_gmt":"2023-03-07T03:18:22","guid":{"rendered":"http:\/\/www.zonaroja.com.mx\/?p=52479"},"modified":"2023-03-06T21:18:36","modified_gmt":"2023-03-07T03:18:36","slug":"pese-a-denuncias-rector-cristian-eder-carreno-protege-y-premia-a-deudor-alimentario","status":"publish","type":"post","link":"https:\/\/zonaroja.com.mx\/?p=52479","title":{"rendered":"Pese a denuncias, rector Cristian \u00c9der Carre\u00f1o protege y premia a deudor alimentario"},"content":{"rendered":"\n<p>Yuridiana Sosa\/Zona Roja.<\/p>\n\n\n\n<p>Oaxaca de Ju\u00e1rez, Oax., a 6 de marzo de 2023.- La pol\u00edtica de no violencia a las mujeres y las infancias en Oaxaca no aplica en la Universidad Aut\u00f3noma \u201cBenito Ju\u00e1rez\u201d de Oaxaca, pues el rector Cristian \u00c9der Carre\u00f1o L\u00f3pez otorg\u00f3 un cargo de alto nivel en la instituci\u00f3n a Jhovany Omar&nbsp;Cabrera&nbsp;Ramos, acusado como deudor alimentario desde hace cinco a\u00f1os.<\/p>\n\n\n\n<p>El colectivo Deudores Alimentarios Oaxaca dio a conocer el caso de Cabrera&nbsp;Ramos en noviembre de 2021, luego de m\u00e1s de tres a\u00f1os de haber negado su paternidad e incumplir con la manutenci\u00f3n de su hijo.<\/p>\n\n\n\n<p>Durante la nueva administraci\u00f3n de Carre\u00f1o L\u00f3pez al frente de la Rector\u00eda, Jhovany Cabrera, ex director de la Facultad&nbsp;de&nbsp;Contadur\u00eda&nbsp;y&nbsp;Administraci\u00f3n&nbsp;de&nbsp;la&nbsp;UABJO, fue nombrado como Contralor General.<\/p>\n\n\n\n<p>La madre del menor hijo de Cabrera Ramos mantiene un proceso jur\u00eddico contra el presunto agresor, sin embargo \u2014de acuerdo con la m\u00e1s reciente denuncia p\u00fablica de Deudores Alimentario\u2014 el funcionario de la UABJO no se presenta a las audiencias y retrasa el proceso.<\/p>\n\n\n\n<p>\u201cImaginen que un profesor de Contadur\u00eda que le dobla la edad a una alumna, la embaraza, le dice que no es su hija, la abandona, la hace desertar de la escuela y todav\u00eda la amenaza\u201d, se\u00f1ala una reciente publicaci\u00f3n del colectivo en redes sociales.<\/p>\n\n\n\n<p>En la primera denuncia p\u00fablica, en 2021, se apunt\u00f3 que, Jhovany Cabrera no cumpli\u00f3 con el apoyo que prometi\u00f3 a la joven madre cuando estaba embarazada.<\/p>\n","protected":false},"excerpt":{"rendered":"<p>Yuridiana Sosa\/Zona Roja. Oaxaca de Ju\u00e1rez, Oax., a 6 de marzo de 2023.- La pol\u00edtica&hellip;<\/p>\n","protected":false},"author":2,"featured_media":52473,"comment_status":"closed","ping_status":"open","sticky":false,"template":"","format":"standard","meta":{"_lmt_disableupdate":"","_lmt_disable":"","_jetpack_memberships_contains_paid_content":false,"footnotes":""},"categories":[109,47],"tags":[3454],"class_list":["post-52479","post","type-post","status-publish","format-standard","has-post-thumbnail","hentry","category-minuto-a-minuto","category-zona-gris","tag-jhovany-omar-cabrera-ramos"],"jetpack_featured_media_url":"https:\/\/zonaroja.com.mx\/wp-content\/uploads\/2023\/03\/Deudo-Jhovany-Cabrera-Ramos.jpeg","jetpack_sharing_enabled":true,"_links":{"self":[{"href":"https:\/\/zonaroja.com.mx\/index.php?rest_route=\/wp\/v2\/posts\/52479","targetHints":{"allow":["GET"]}}],"collection":[{"href":"https:\/\/zonaroja.com.mx\/index.php?rest_route=\/wp\/v2\/posts"}],"about":[{"href":"https:\/\/zonaroja.com.mx\/index.php?rest_route=\/wp\/v2\/types\/post"}],"author":[{"embeddable":true,"href":"https:\/\/zonaroja.com.mx\/index.php?rest_route=\/wp\/v2\/users\/2"}],"replies":[{"embeddable":true,"href":"https:\/\/zonaroja.com.mx\/index.php?rest_route=%2Fwp%2Fv2%2Fcomments&post=52479"}],"version-history":[{"count":1,"href":"https:\/\/zonaroja.com.mx\/index.php?rest_route=\/wp\/v2\/posts\/52479\/revisions"}],"predecessor-version":[{"id":52480,"href":"https:\/\/zonaroja.com.mx\/index.php?rest_route=\/wp\/v2\/posts\/52479\/revisions\/52480"}],"wp:featuredmedia":[{"embeddable":true,"href":"https:\/\/zonaroja.com.mx\/index.php?rest_route=\/wp\/v2\/media\/52473"}],"wp:attachment":[{"href":"https:\/\/zonaroja.com.mx\/index.php?rest_route=%2Fwp%2Fv2%2Fmedia&parent=52479"}],"wp:term":[{"taxonomy":"category","embeddable":true,"href":"https:\/\/zonaroja.com.mx\/index.php?rest_route=%2Fwp%2Fv2%2Fcategories&post=52479"},{"taxonomy":"post_tag","embeddable":true,"href":"https:\/\/zonaroja.com.mx\/index.php?rest_route=%2Fwp%2Fv2%2Ftags&post=52479"}],"curies":[{"name":"wp","href":"https:\/\/api.w.org\/{rel}","templated":true}]}}