{"id":52493,"date":"2023-03-07T10:25:00","date_gmt":"2023-03-07T16:25:00","guid":{"rendered":"http:\/\/www.zonaroja.com.mx\/?p=52493"},"modified":"2023-03-07T06:55:23","modified_gmt":"2023-03-07T12:55:23","slug":"desde-inicio-de-pandemia-no-realizaban-rehabilitaciones-en-ciudad-administrativa","status":"publish","type":"post","link":"https:\/\/zonaroja.com.mx\/?p=52493","title":{"rendered":"Desde inicio de pandemia, no realizaban rehabilitaciones en Ciudad Administrativa"},"content":{"rendered":"\n<p>Redacci\u00f3n\/Zona Roja.<\/p>\n\n\n\n<p>Oaxaca de Ju\u00e1rez, Oax., a 7 de marzo de 2023.- Para brindar espacios dignos a la base trabajadora y personas que visitan el complejo Ciudad Administrativa &#8216;Benem\u00e9rito de las Am\u00e9ricas&#8217;, el titular de la Secretar\u00eda de Administraci\u00f3n, Antonino Morales Toledo, dio instrucciones para llevar a cabo mejoras en la infraestructura y mantenimiento.<\/p>\n\n\n\n<p>Ante ello, la dependencia explic\u00f3 que los trabajos dieron inicio este lunes con el desazolve de los sanitarios ubicados en el edificio \u201cJos\u00e9 Vasconcelos\u201d, para despu\u00e9s hacer cambios de tuber\u00edas y retretes,&nbsp;esto despu\u00e9s de un largo periodo sin recibir mantenimiento luego de la pandemia causada por el Covid-19.<\/p>\n\n\n\n<p>Asimismo, coment\u00f3 que este procedimiento est\u00e1 estructurado en diferentes etapas, iniciando con la planta baja y posteriormente se atender\u00e1n los tres pisos restantes. Una vez finalizadas estas acciones, se aplicar\u00e1 la misma metodolog\u00eda en el resto de edificios del complejo administrativo, propiciando la conservaci\u00f3n, durabilidad y seguridad de estos espacios.<\/p>\n\n\n\n<p>Los trabajos de mantenimiento preventivo y correctivo se llevan a cabo para optimizar las condiciones de higiene y seguridad de las y los servidores p\u00fablicos, as\u00ed como visitantes del complejo.<\/p>\n\n\n\n<p>La dependencia expuso que estas labores se realizan con total apego al Plan de Austeridad establecido por el Gobernador del Estado, Salom\u00f3n Jara Cruz, el cual prev\u00e9 que los recursos se administren con responsabilidad, generando ahorros que beneficiar\u00e1n a la poblaci\u00f3n oaxaque\u00f1a.<\/p>\n","protected":false},"excerpt":{"rendered":"<p>Redacci\u00f3n\/Zona Roja. Oaxaca de Ju\u00e1rez, Oax., a 7 de marzo de 2023.- Para brindar espacios&hellip;<\/p>\n","protected":false},"author":2,"featured_media":52486,"comment_status":"closed","ping_status":"open","sticky":false,"template":"","format":"standard","meta":{"_lmt_disableupdate":"","_lmt_disable":"","_jetpack_memberships_contains_paid_content":false,"footnotes":""},"categories":[109,46],"tags":[1989],"class_list":["post-52493","post","type-post","status-publish","format-standard","has-post-thumbnail","hentry","category-minuto-a-minuto","category-zona-blanca","tag-secretaria-de-administracion"],"jetpack_featured_media_url":"https:\/\/zonaroja.com.mx\/wp-content\/uploads\/2023\/03\/Rehabilitacion-Ciudad-Administrativa-Secretaria-de-Administracion.jpg","jetpack_sharing_enabled":true,"_links":{"self":[{"href":"https:\/\/zonaroja.com.mx\/index.php?rest_route=\/wp\/v2\/posts\/52493","targetHints":{"allow":["GET"]}}],"collection":[{"href":"https:\/\/zonaroja.com.mx\/index.php?rest_route=\/wp\/v2\/posts"}],"about":[{"href":"https:\/\/zonaroja.com.mx\/index.php?rest_route=\/wp\/v2\/types\/post"}],"author":[{"embeddable":true,"href":"https:\/\/zonaroja.com.mx\/index.php?rest_route=\/wp\/v2\/users\/2"}],"replies":[{"embeddable":true,"href":"https:\/\/zonaroja.com.mx\/index.php?rest_route=%2Fwp%2Fv2%2Fcomments&post=52493"}],"version-history":[{"count":1,"href":"https:\/\/zonaroja.com.mx\/index.php?rest_route=\/wp\/v2\/posts\/52493\/revisions"}],"predecessor-version":[{"id":52494,"href":"https:\/\/zonaroja.com.mx\/index.php?rest_route=\/wp\/v2\/posts\/52493\/revisions\/52494"}],"wp:featuredmedia":[{"embeddable":true,"href":"https:\/\/zonaroja.com.mx\/index.php?rest_route=\/wp\/v2\/media\/52486"}],"wp:attachment":[{"href":"https:\/\/zonaroja.com.mx\/index.php?rest_route=%2Fwp%2Fv2%2Fmedia&parent=52493"}],"wp:term":[{"taxonomy":"category","embeddable":true,"href":"https:\/\/zonaroja.com.mx\/index.php?rest_route=%2Fwp%2Fv2%2Fcategories&post=52493"},{"taxonomy":"post_tag","embeddable":true,"href":"https:\/\/zonaroja.com.mx\/index.php?rest_route=%2Fwp%2Fv2%2Ftags&post=52493"}],"curies":[{"name":"wp","href":"https:\/\/api.w.org\/{rel}","templated":true}]}}