{"id":52495,"date":"2023-03-07T07:23:05","date_gmt":"2023-03-07T13:23:05","guid":{"rendered":"http:\/\/www.zonaroja.com.mx\/?p=52495"},"modified":"2023-03-07T07:23:07","modified_gmt":"2023-03-07T13:23:07","slug":"suman-dos-mujeres-asesinadas-en-un-dia-en-oaxaca-ahora-en-el-istmo","status":"publish","type":"post","link":"https:\/\/zonaroja.com.mx\/?p=52495","title":{"rendered":"Suman dos mujeres asesinadas en un d\u00eda en Oaxaca; ahora en el Istmo"},"content":{"rendered":"\n<p>Ismael Garc\u00eda M.\/Zona Roja.<\/p>\n\n\n\n<p>Oaxaca de Ju\u00e1rez, Oax., a 7 de marzo de 2023.- Otra mujer fue asesinada en Oaxaca este lunes, ahora en la regi\u00f3n del Istmo de Tehuantepec. Adem\u00e1s, ejecutaron anoche un individuo, con lo cual suman cuatro cr\u00edmenes registrados el lunes.<\/p>\n\n\n\n<p>En el municipio de Santa Mar\u00eda Petapa, sujetos desconocidos ultimaron a balazos a una joven, identificada de manera preliminar como Edith M., cuyo cuerpo fue hallado anoche en la colonia Nuevo Progreso.<\/p>\n\n\n\n<p>Hasta el momento se desconocen las causas del probable homicidio, al igual que el o los autores del crimen.<\/p>\n\n\n\n<p>Poco antes, en Juchit\u00e1n de Zaragoza fue ejecutado un individuo quien fue conocido como Manuel \u201cN\u201d, alias \u201cEl Capo\u201d, en la S\u00e9ptima Secci\u00f3n de dicho municipio istme\u00f1o.<\/p>\n\n\n\n<p>El cuerpo se encontr\u00f3 en la calle Ferrocarril esquina con Melchor Ocampo y los familiares no permitieron a las autoridades ministeriales el levantamiento correspondiente.<\/p>\n\n\n\n<p>En tanto, la mujer victimada ayer con arma blanca en Santa Mar\u00eda Atzompa, municipio conurbado a la capital, fue identificada como Lidia L. A., de 34 a\u00f1os de edad, quien ten\u00eda su domicilio en la colonia Forestal, jurisdicci\u00f3n donde fue hallada ayer por la ma\u00f1ana.<\/p>\n\n\n\n<p>Como se inform\u00f3 tambi\u00e9n ayer, en la madrugada fue asesinado un taxista de la capital oaxaque\u00f1a, en el interior de un bar ubicado en jurisdicci\u00f3n de Santa Cruz Xoxocotl\u00e1n.<\/p>\n","protected":false},"excerpt":{"rendered":"<p>Ismael Garc\u00eda M.\/Zona Roja. Oaxaca de Ju\u00e1rez, Oax., a 7 de marzo de 2023.- Otra&hellip;<\/p>\n","protected":false},"author":2,"featured_media":7486,"comment_status":"closed","ping_status":"open","sticky":false,"template":"","format":"standard","meta":{"_lmt_disableupdate":"","_lmt_disable":"","_jetpack_memberships_contains_paid_content":false,"footnotes":""},"categories":[109,51],"tags":[123,211],"class_list":["post-52495","post","type-post","status-publish","format-standard","has-post-thumbnail","hentry","category-minuto-a-minuto","category-zona-roja","tag-juchitan-de-zaragoza","tag-santa-maria-petapa"],"jetpack_featured_media_url":"https:\/\/zonaroja.com.mx\/wp-content\/uploads\/2020\/01\/Escena-del-crimen7.jpg","jetpack_sharing_enabled":true,"_links":{"self":[{"href":"https:\/\/zonaroja.com.mx\/index.php?rest_route=\/wp\/v2\/posts\/52495","targetHints":{"allow":["GET"]}}],"collection":[{"href":"https:\/\/zonaroja.com.mx\/index.php?rest_route=\/wp\/v2\/posts"}],"about":[{"href":"https:\/\/zonaroja.com.mx\/index.php?rest_route=\/wp\/v2\/types\/post"}],"author":[{"embeddable":true,"href":"https:\/\/zonaroja.com.mx\/index.php?rest_route=\/wp\/v2\/users\/2"}],"replies":[{"embeddable":true,"href":"https:\/\/zonaroja.com.mx\/index.php?rest_route=%2Fwp%2Fv2%2Fcomments&post=52495"}],"version-history":[{"count":1,"href":"https:\/\/zonaroja.com.mx\/index.php?rest_route=\/wp\/v2\/posts\/52495\/revisions"}],"predecessor-version":[{"id":52496,"href":"https:\/\/zonaroja.com.mx\/index.php?rest_route=\/wp\/v2\/posts\/52495\/revisions\/52496"}],"wp:featuredmedia":[{"embeddable":true,"href":"https:\/\/zonaroja.com.mx\/index.php?rest_route=\/wp\/v2\/media\/7486"}],"wp:attachment":[{"href":"https:\/\/zonaroja.com.mx\/index.php?rest_route=%2Fwp%2Fv2%2Fmedia&parent=52495"}],"wp:term":[{"taxonomy":"category","embeddable":true,"href":"https:\/\/zonaroja.com.mx\/index.php?rest_route=%2Fwp%2Fv2%2Fcategories&post=52495"},{"taxonomy":"post_tag","embeddable":true,"href":"https:\/\/zonaroja.com.mx\/index.php?rest_route=%2Fwp%2Fv2%2Ftags&post=52495"}],"curies":[{"name":"wp","href":"https:\/\/api.w.org\/{rel}","templated":true}]}}