{"id":52499,"date":"2023-03-07T08:30:00","date_gmt":"2023-03-07T14:30:00","guid":{"rendered":"http:\/\/www.zonaroja.com.mx\/?p=52499"},"modified":"2023-03-07T08:30:02","modified_gmt":"2023-03-07T14:30:02","slug":"reconoce-funcionario-de-la-primavera-oaxaquena-que-tiene-dos-plazas","status":"publish","type":"post","link":"https:\/\/zonaroja.com.mx\/?p=52499","title":{"rendered":"Reconoce funcionario de la \u201cprimavera oaxaque\u00f1a\u201d que tiene dos plazas"},"content":{"rendered":"\n<p>Oaxaca.- El d\u00eda en que el gobierno de Oaxaca anunci\u00f3 un programa de austeridad, que incluye reducci\u00f3n de plazas laborales, un funcionario estatal reconoci\u00f3 que cuenta con dos plazas en el Gobierno del Estado.<\/p>\n\n\n\n<p>Se trata del activista Arnoldo D\u00e1maso P\u00e9rez G\u00f3mez, que en distintas ocasiones ha realizado protestas en diversas partes de la ciudad de Oaxaca, en supuesta defensa de los recursos naturales.<\/p>\n\n\n\n<p>El individuo fue exhibido el domingo en un medio de comunicaci\u00f3n digital y ayer lunes en la conferencia de prensa, el mandatario Salom\u00f3n Jara Cruz fue cuestionado al respecto; sin embargo, dijo no tener datos al respecto y pidi\u00f3 al reportero que le diera m\u00e1s detalles.<\/p>\n\n\n\n<p>Y m\u00e1s tarde, D\u00e1maso P\u00e9rez reconoci\u00f3 que cuenta con dos plazas laborales pero que, seg\u00fan su versi\u00f3n, no se contrapone una con otra.<\/p>\n\n\n\n<p>D\u00e1maso P\u00e9rez G\u00f3mez fue designado como Jefe de Promoci\u00f3n Cultural en el Colegio de Estudios Cient\u00edficos y Tecnol\u00f3gicos del Estado de Oaxaca (Cecyte), que preside la tambi\u00e9n pol\u00e9mica Blanca Luz Mart\u00ednez Guzm\u00e1n.<\/p>\n\n\n\n<p>Asimismo en la Secretar\u00eda de las Culturas y Artes de Oaxaca (Seculta) tiene otra plaza, en que supuestamente da clases de pintura a menores de edad.<\/p>\n","protected":false},"excerpt":{"rendered":"<p>Oaxaca.- El d\u00eda en que el gobierno de Oaxaca anunci\u00f3 un programa de austeridad, que&hellip;<\/p>\n","protected":false},"author":2,"featured_media":52500,"comment_status":"closed","ping_status":"open","sticky":false,"template":"","format":"standard","meta":{"_lmt_disableupdate":"","_lmt_disable":"","_jetpack_memberships_contains_paid_content":false,"footnotes":""},"categories":[109,47],"tags":[3455],"class_list":["post-52499","post","type-post","status-publish","format-standard","has-post-thumbnail","hentry","category-minuto-a-minuto","category-zona-gris","tag-arnoldo-damaso-perez-gomez"],"jetpack_featured_media_url":"https:\/\/zonaroja.com.mx\/wp-content\/uploads\/2023\/03\/Arnoldo-Damaso-Perez.jpeg","jetpack_sharing_enabled":true,"_links":{"self":[{"href":"https:\/\/zonaroja.com.mx\/index.php?rest_route=\/wp\/v2\/posts\/52499","targetHints":{"allow":["GET"]}}],"collection":[{"href":"https:\/\/zonaroja.com.mx\/index.php?rest_route=\/wp\/v2\/posts"}],"about":[{"href":"https:\/\/zonaroja.com.mx\/index.php?rest_route=\/wp\/v2\/types\/post"}],"author":[{"embeddable":true,"href":"https:\/\/zonaroja.com.mx\/index.php?rest_route=\/wp\/v2\/users\/2"}],"replies":[{"embeddable":true,"href":"https:\/\/zonaroja.com.mx\/index.php?rest_route=%2Fwp%2Fv2%2Fcomments&post=52499"}],"version-history":[{"count":1,"href":"https:\/\/zonaroja.com.mx\/index.php?rest_route=\/wp\/v2\/posts\/52499\/revisions"}],"predecessor-version":[{"id":52501,"href":"https:\/\/zonaroja.com.mx\/index.php?rest_route=\/wp\/v2\/posts\/52499\/revisions\/52501"}],"wp:featuredmedia":[{"embeddable":true,"href":"https:\/\/zonaroja.com.mx\/index.php?rest_route=\/wp\/v2\/media\/52500"}],"wp:attachment":[{"href":"https:\/\/zonaroja.com.mx\/index.php?rest_route=%2Fwp%2Fv2%2Fmedia&parent=52499"}],"wp:term":[{"taxonomy":"category","embeddable":true,"href":"https:\/\/zonaroja.com.mx\/index.php?rest_route=%2Fwp%2Fv2%2Fcategories&post=52499"},{"taxonomy":"post_tag","embeddable":true,"href":"https:\/\/zonaroja.com.mx\/index.php?rest_route=%2Fwp%2Fv2%2Ftags&post=52499"}],"curies":[{"name":"wp","href":"https:\/\/api.w.org\/{rel}","templated":true}]}}