{"id":5251,"date":"2019-10-29T16:08:52","date_gmt":"2019-10-29T22:08:52","guid":{"rendered":"https:\/\/www.zonaroja.com.mx\/?p=5251"},"modified":"2019-10-30T05:27:59","modified_gmt":"2019-10-30T11:27:59","slug":"corredor-oaxaqueno-consigue-segundo-lugar-en-competencia-mundial","status":"publish","type":"post","link":"https:\/\/zonaroja.com.mx\/?p=5251","title":{"rendered":"Corredor oaxaque\u00f1o consigue segundo lugar en competencia mundial"},"content":{"rendered":"\n<p class=\"p1\">Evlin Arag\u00f3n\/Zona Roja<\/p>\n\n\n\n<p class=\"p1\">Oaxaca de Ju\u00e1rez, Oax., 29 de octubre de 2019.- Portando los colores de la bandera de M\u00e9xico en su uniforme y coraz\u00f3n, este fin de semana el ultramaratonista oaxaque\u00f1o Octaviano Robles logr\u00f3 la haza\u00f1a de su vida, al conseguir el segundo lugar en la competencia mundial realizada en Francia y en la que tuvo que correr durante 24 horas.&nbsp;<\/p>\n\n\n\n<p class=\"p1\">Hace unos d\u00edas, el corredor de 60 a\u00f1os y empleado de la Polic\u00eda Auxiliar, Bancaria, Industrial y&nbsp; Comercial (PABIC), anunci\u00f3 que participar\u00eda en el IAU 24H WORLD CHAMPIONSHIPS, que se llev\u00f3 a acabo en Albi, Francia y en el que se registraron 205 atletas de alto rendimiento en la rama varonil.<\/p>\n\n\n\n<p class=\"p1\">Las felicitaciones no se hicieron esperar para el experimentado corredor, a trav\u00e9s de sus redes sociales decenas de personas le expresaron su reconocimiento y admiraci\u00f3n al asegurar que se trata de un aut\u00e9ntico orgullo oaxaque\u00f1o, debido a su trayectoria en las carreras de pista y fondo a nivel local, nacional y ahora mundial. <\/p>\n\n\n\n<figure class=\"wp-block-image\"><img decoding=\"async\" width=\"1031\" height=\"1280\" src=\"https:\/\/www.zonaroja.com.mx\/wp-content\/uploads\/2019\/10\/img_3538.jpg\" alt=\"\" class=\"wp-image-5250\" srcset=\"https:\/\/zonaroja.com.mx\/wp-content\/uploads\/2019\/10\/img_3538.jpg 1031w, https:\/\/zonaroja.com.mx\/wp-content\/uploads\/2019\/10\/img_3538-242x300.jpg 242w, https:\/\/zonaroja.com.mx\/wp-content\/uploads\/2019\/10\/img_3538-768x953.jpg 768w, https:\/\/zonaroja.com.mx\/wp-content\/uploads\/2019\/10\/img_3538-825x1024.jpg 825w, https:\/\/zonaroja.com.mx\/wp-content\/uploads\/2019\/10\/img_3538-585x726.jpg 585w\" sizes=\"(max-width: 1031px) 100vw, 1031px\" \/><\/figure>\n\n\n\n<p class=\"p1\">\u201cEnhorabuena se\u00f1or Octaviano Robles por su esfuerzo quedando en su categor\u00eda&nbsp; en 2 de 6\u201d; \u201cSin duda uno de los mejores entrenadores, amigo y por sobre todo un gran ser humano\u201d; y \u201cMuchas felicidades maestro Octaviano Robles. Aqu\u00ed se ve el resultado de much\u00edsimo compromiso y disciplina\u201d, son algunos de los mensajes que publicaron en su cuenta de Facebook.<\/p>\n\n\n\n<p class=\"p2\">\u201cUltraman\u201d como tambi\u00e9n es conocido, es originario del barrio de Jalatlaco y ha dedicado su vida a correr, toda vez que es una actividad que le apasiona y que lo ha llevado a recorrer infinidad de maratones y rutas en el estado y pa\u00eds.<\/p>\n\n\n\n<p class=\"p1\">Son 37 maratones y 60 ultra maratones los que ha recorrido en los \u00faltimos a\u00f1os, lo cual le ha permitido tener la condici\u00f3n necesaria para enfrentarse a su \u00faltimo reto, en el que luego de correr durante todo un d\u00eda de forma consecutiva, consigui\u00f3 posicionarse en el segundo lugar de su categor\u00eda en la competencia mundial celebrada este fin de semana en Francia.<\/p>\n\n\n\n<p class=\"p1\">En la justa deportiva tambi\u00e9n estuvo presente el oaxaque\u00f1o Mario Meneses, quien se posicion\u00f3 en el lugar 86 de 96 en su categor\u00eda por lo que tambi\u00e9n fue reconocido su esfuerzo y dedicaci\u00f3n y por poner en alto el nombre de Oaxaca.<\/p>\n\n\n\n<p class=\"p1\">\u201cEstamos orgullosos de ustedes, gracias por poner en alto el nombre de Oaxaca\u201d publicaron en las redes sociales de ambos corredores.&nbsp;<br class=\"Apple-interchange-newline\"><\/p>\n\n\n\n<p><\/p>\n","protected":false},"excerpt":{"rendered":"<p>Evlin Arag\u00f3n\/Zona Roja Oaxaca de Ju\u00e1rez, Oax., 29 de octubre de 2019.- Portando los colores&hellip;<\/p>\n","protected":false},"author":2,"featured_media":5249,"comment_status":"closed","ping_status":"open","sticky":false,"template":"","format":"standard","meta":{"_lmt_disableupdate":"","_lmt_disable":"","_jetpack_memberships_contains_paid_content":false,"footnotes":""},"categories":[109,46],"tags":[864,934],"class_list":["post-5251","post","type-post","status-publish","format-standard","has-post-thumbnail","hentry","category-minuto-a-minuto","category-zona-blanca","tag-octaviano-robles-cruz","tag-policia-auxiliar-bancaria-pabic"],"jetpack_featured_media_url":"https:\/\/zonaroja.com.mx\/wp-content\/uploads\/2019\/10\/img_3539.jpg","jetpack_sharing_enabled":true,"_links":{"self":[{"href":"https:\/\/zonaroja.com.mx\/index.php?rest_route=\/wp\/v2\/posts\/5251","targetHints":{"allow":["GET"]}}],"collection":[{"href":"https:\/\/zonaroja.com.mx\/index.php?rest_route=\/wp\/v2\/posts"}],"about":[{"href":"https:\/\/zonaroja.com.mx\/index.php?rest_route=\/wp\/v2\/types\/post"}],"author":[{"embeddable":true,"href":"https:\/\/zonaroja.com.mx\/index.php?rest_route=\/wp\/v2\/users\/2"}],"replies":[{"embeddable":true,"href":"https:\/\/zonaroja.com.mx\/index.php?rest_route=%2Fwp%2Fv2%2Fcomments&post=5251"}],"version-history":[{"count":3,"href":"https:\/\/zonaroja.com.mx\/index.php?rest_route=\/wp\/v2\/posts\/5251\/revisions"}],"predecessor-version":[{"id":5264,"href":"https:\/\/zonaroja.com.mx\/index.php?rest_route=\/wp\/v2\/posts\/5251\/revisions\/5264"}],"wp:featuredmedia":[{"embeddable":true,"href":"https:\/\/zonaroja.com.mx\/index.php?rest_route=\/wp\/v2\/media\/5249"}],"wp:attachment":[{"href":"https:\/\/zonaroja.com.mx\/index.php?rest_route=%2Fwp%2Fv2%2Fmedia&parent=5251"}],"wp:term":[{"taxonomy":"category","embeddable":true,"href":"https:\/\/zonaroja.com.mx\/index.php?rest_route=%2Fwp%2Fv2%2Fcategories&post=5251"},{"taxonomy":"post_tag","embeddable":true,"href":"https:\/\/zonaroja.com.mx\/index.php?rest_route=%2Fwp%2Fv2%2Ftags&post=5251"}],"curies":[{"name":"wp","href":"https:\/\/api.w.org\/{rel}","templated":true}]}}