{"id":52510,"date":"2023-03-07T18:39:48","date_gmt":"2023-03-08T00:39:48","guid":{"rendered":"http:\/\/www.zonaroja.com.mx\/?p=52510"},"modified":"2023-03-07T18:39:50","modified_gmt":"2023-03-08T00:39:50","slug":"a-10-kilometros-del-sitio-donde-fueron-secuestrados-hallaron-a-norteamericanos","status":"publish","type":"post","link":"https:\/\/zonaroja.com.mx\/?p=52510","title":{"rendered":"A 10 kil\u00f3metros del sitio donde fueron secuestrados, hallaron a norteamericanos"},"content":{"rendered":"\n<p>Redacci\u00f3n\/Zona Roja Cdmx.<\/p>\n\n\n\n<p>Ciudad de M\u00e9xico, a 7 de marzo de 2023.- En la misma ciudad de Matamoros, Tamaulipas, unos 10 kil\u00f3metros del sitio donde fueron secuestrados, localizaron hoy a los cuatro norteamericanos secuestrados, dos de ellos sin vida.<\/p>\n\n\n\n<p>Fue en una casa de seguridad en una finca ubicada en el Ejido El Tecolote en que fueron localizados los ciudadanos plagiados el pasado viernes.<\/p>\n\n\n\n<p>El gobernador de Tamaulipas, Am\u00e9rico Villarreal, inform\u00f3 que fueron localizados los cuatro ciudadanos estadounidenses que fueron secuestrados por un grupo del crimen organizado en esa entidad; dos con vida y dos fallecidos.<\/p>\n\n\n\n<p>Posteriormente se report\u00f3 que corporaciones federales y estatales, con personal del Consulado de Estados Unidos en Matamoros, entregaron en el puente internacional 2 a los dos ciudadanos que sobrevivieron.&nbsp;<\/p>\n\n\n\n<p>El Gobierno del Estado de Tamaulipas inform\u00f3 que el fiscal Irving Barrios Mojica acompa\u00f1\u00f3 esta ma\u00f1ana al gobernador Am\u00e9rico Villarreal Anaya a la Ciudad de M\u00e9xico, en donde se reunir\u00e1n con el Presidente Andr\u00e9s Manuel L\u00f3pez Obrador previo a la conferencia que se ofrecer\u00e1 sobre el mismo caso.<\/p>\n\n\n\n<p>Fuentes estatales confirmaron que en el caso de las dos personas fallecidas se seguir\u00e1n los protocolos de repatriaci\u00f3n.<\/p>\n\n\n\n<p>(Informaci\u00f3n de agencias)<\/p>\n","protected":false},"excerpt":{"rendered":"<p>Redacci\u00f3n\/Zona Roja Cdmx. Ciudad de M\u00e9xico, a 7 de marzo de 2023.- En la misma&hellip;<\/p>\n","protected":false},"author":2,"featured_media":52515,"comment_status":"closed","ping_status":"open","sticky":false,"template":"","format":"standard","meta":{"_lmt_disableupdate":"","_lmt_disable":"","_jetpack_memberships_contains_paid_content":false,"footnotes":""},"categories":[109,47],"tags":[2919],"class_list":["post-52510","post","type-post","status-publish","format-standard","has-post-thumbnail","hentry","category-minuto-a-minuto","category-zona-gris","tag-matamoros-tamaulipas"],"jetpack_featured_media_url":"https:\/\/zonaroja.com.mx\/wp-content\/uploads\/2023\/03\/Estadounidenses-secuestrados-en-Matamoros.jpg","jetpack_sharing_enabled":true,"_links":{"self":[{"href":"https:\/\/zonaroja.com.mx\/index.php?rest_route=\/wp\/v2\/posts\/52510","targetHints":{"allow":["GET"]}}],"collection":[{"href":"https:\/\/zonaroja.com.mx\/index.php?rest_route=\/wp\/v2\/posts"}],"about":[{"href":"https:\/\/zonaroja.com.mx\/index.php?rest_route=\/wp\/v2\/types\/post"}],"author":[{"embeddable":true,"href":"https:\/\/zonaroja.com.mx\/index.php?rest_route=\/wp\/v2\/users\/2"}],"replies":[{"embeddable":true,"href":"https:\/\/zonaroja.com.mx\/index.php?rest_route=%2Fwp%2Fv2%2Fcomments&post=52510"}],"version-history":[{"count":1,"href":"https:\/\/zonaroja.com.mx\/index.php?rest_route=\/wp\/v2\/posts\/52510\/revisions"}],"predecessor-version":[{"id":52516,"href":"https:\/\/zonaroja.com.mx\/index.php?rest_route=\/wp\/v2\/posts\/52510\/revisions\/52516"}],"wp:featuredmedia":[{"embeddable":true,"href":"https:\/\/zonaroja.com.mx\/index.php?rest_route=\/wp\/v2\/media\/52515"}],"wp:attachment":[{"href":"https:\/\/zonaroja.com.mx\/index.php?rest_route=%2Fwp%2Fv2%2Fmedia&parent=52510"}],"wp:term":[{"taxonomy":"category","embeddable":true,"href":"https:\/\/zonaroja.com.mx\/index.php?rest_route=%2Fwp%2Fv2%2Fcategories&post=52510"},{"taxonomy":"post_tag","embeddable":true,"href":"https:\/\/zonaroja.com.mx\/index.php?rest_route=%2Fwp%2Fv2%2Ftags&post=52510"}],"curies":[{"name":"wp","href":"https:\/\/api.w.org\/{rel}","templated":true}]}}