{"id":52522,"date":"2023-03-07T21:19:03","date_gmt":"2023-03-08T03:19:03","guid":{"rendered":"http:\/\/www.zonaroja.com.mx\/?p=52522"},"modified":"2023-03-07T21:19:05","modified_gmt":"2023-03-08T03:19:05","slug":"martes-de-roja-primavera-dos-asesinados-y-dos-baleados","status":"publish","type":"post","link":"https:\/\/zonaroja.com.mx\/?p=52522","title":{"rendered":"Martes de \u201croja primavera\u201d: dos asesinados y dos baleados"},"content":{"rendered":"\n<p>Ismael Garc\u00eda M.\/Zona Roja.<\/p>\n\n\n\n<p>Oaxaca de Ju\u00e1rez, Oax., a 7 de marzo de 2023.- En v\u00edsperas de cumplir los primeros 100 d\u00edas de gobierno, la ola criminal no cesa en la administraci\u00f3n del morenista Salom\u00f3n Jara Cruz.<\/p>\n\n\n\n<p>Este martes se registraron en Oaxaca dos asesinatos y dos personas atacadas a balazos, en las regiones Istmo de Tehuantepec, Valles Centrales y Mixteca.<\/p>\n\n\n\n<p>La ma\u00f1ana de hoy, a un costado de la carretera que comunica a Juchit\u00e1n de Zaragoza con El Espinal, a la altura de la colonia COCEI, fue localizado el cuerpo sin vida de un individuo.<\/p>\n\n\n\n<p>Presenta huellas de tortura e impactos de arma de fuego en distintas partes; de manera preliminar fue identificado como V\u00edctor O. R., quien hab\u00eda sido reportado como desaparecido en el municipio de Mat\u00edas Romero Avenda\u00f1o.<\/p>\n\n\n\n<p>Mientras tanto, la tarde de este d\u00eda, en un camino de terracer\u00eda, cerca del bordo del r\u00edo \u201cValiente\u201d, jurisdicci\u00f3n del municipio de \u00c1nimas Trujano, fue hallado otro cuerpo sin vida.<\/p>\n\n\n\n<p>Se encontraba envuelto en una cobija y de manera preliminar se detall\u00f3 que presenta heridas causadas por un arma blanca; la v\u00edctima a\u00fan no ha sido identificada.<\/p>\n\n\n\n<p>Tambi\u00e9n por la tarde pero en la carretera Huajuapan de Le\u00f3n-Acatl\u00e1n de Osorio, a la altura del municipio de Zapotitl\u00e1n Palmas, se registr\u00f3 un ataque armado en contra de los ocupantes de una unidad de motor.<\/p>\n\n\n\n<p>El saldo preliminar es de una persona lesionada, al parecer originaria del estado de Puebla; fue atendida por elementos de la Cruz Roja Mexicana.<\/p>\n\n\n\n<p>Y esta noche, a un costado de la carretera federal 190 Oaxaca-M\u00e9xico, en jurisdicci\u00f3n de la agencia de Pueblo, Nuevo, del municipio de Oaxaca de Ju\u00e1rez, un individuo fue atacado a balazos, cuando se hallaba en el interior de su coche tipo Tsuru, marca Nissan.<\/p>\n\n\n\n<p>Recibi\u00f3 al menos dos balazos y fue trasladado en estado de salud grave a un hospital de la ciudad capital.<\/p>\n\n\n\n<figure class=\"wp-block-embed is-type-rich is-provider-twitter wp-block-embed-twitter\"><div class=\"wp-block-embed__wrapper\">\n<div class=\"twitter-tweet\"><blockquote class=\"twitter-tweet\" data-lang=\"es\"><p lang=\"es\" dir=\"ltr\"><a href=\"https:\/\/twitter.com\/hashtag\/%C3%9AltimoMinuto?src=hash&amp;ref_src=twsrc%5Etfw\">#\u00daltimoMinuto<\/a><br>Una persona del sexo masculino fue atacado a balazos esta noche en el interior de su veh\u00edculo, cuando transitaba sobre la carretera federal <a href=\"https:\/\/twitter.com\/hashtag\/Oaxaca?src=hash&amp;ref_src=twsrc%5Etfw\">#Oaxaca<\/a>-M\u00e9xico, a la altura de la agencia de Pueblo Nuevo; fue trasladada gravemente herida a un hospital de la capital. <a href=\"https:\/\/t.co\/OtnsxVkbme\">pic.twitter.com\/OtnsxVkbme<\/a><\/p>&mdash; Zona Roja Oaxaca (@ZonaRoja_Oaxaca) <a href=\"https:\/\/twitter.com\/ZonaRoja_Oaxaca\/status\/1633286380515213313?ref_src=twsrc%5Etfw\">8 de marzo de 2023<\/a><\/blockquote><\/div>\n<\/div><\/figure>\n","protected":false},"excerpt":{"rendered":"<p>Ismael Garc\u00eda M.\/Zona Roja. Oaxaca de Ju\u00e1rez, Oax., a 7 de marzo de 2023.- En&hellip;<\/p>\n","protected":false},"author":2,"featured_media":52523,"comment_status":"closed","ping_status":"open","sticky":false,"template":"","format":"standard","meta":{"_lmt_disableupdate":"","_lmt_disable":"","_jetpack_memberships_contains_paid_content":false,"footnotes":""},"categories":[109,47],"tags":[123],"class_list":["post-52522","post","type-post","status-publish","format-standard","has-post-thumbnail","hentry","category-minuto-a-minuto","category-zona-gris","tag-juchitan-de-zaragoza"],"jetpack_featured_media_url":"https:\/\/zonaroja.com.mx\/wp-content\/uploads\/2023\/03\/Asesinado-Animas-Trujano-Oaxaca.jpg","jetpack_sharing_enabled":true,"_links":{"self":[{"href":"https:\/\/zonaroja.com.mx\/index.php?rest_route=\/wp\/v2\/posts\/52522","targetHints":{"allow":["GET"]}}],"collection":[{"href":"https:\/\/zonaroja.com.mx\/index.php?rest_route=\/wp\/v2\/posts"}],"about":[{"href":"https:\/\/zonaroja.com.mx\/index.php?rest_route=\/wp\/v2\/types\/post"}],"author":[{"embeddable":true,"href":"https:\/\/zonaroja.com.mx\/index.php?rest_route=\/wp\/v2\/users\/2"}],"replies":[{"embeddable":true,"href":"https:\/\/zonaroja.com.mx\/index.php?rest_route=%2Fwp%2Fv2%2Fcomments&post=52522"}],"version-history":[{"count":1,"href":"https:\/\/zonaroja.com.mx\/index.php?rest_route=\/wp\/v2\/posts\/52522\/revisions"}],"predecessor-version":[{"id":52524,"href":"https:\/\/zonaroja.com.mx\/index.php?rest_route=\/wp\/v2\/posts\/52522\/revisions\/52524"}],"wp:featuredmedia":[{"embeddable":true,"href":"https:\/\/zonaroja.com.mx\/index.php?rest_route=\/wp\/v2\/media\/52523"}],"wp:attachment":[{"href":"https:\/\/zonaroja.com.mx\/index.php?rest_route=%2Fwp%2Fv2%2Fmedia&parent=52522"}],"wp:term":[{"taxonomy":"category","embeddable":true,"href":"https:\/\/zonaroja.com.mx\/index.php?rest_route=%2Fwp%2Fv2%2Fcategories&post=52522"},{"taxonomy":"post_tag","embeddable":true,"href":"https:\/\/zonaroja.com.mx\/index.php?rest_route=%2Fwp%2Fv2%2Ftags&post=52522"}],"curies":[{"name":"wp","href":"https:\/\/api.w.org\/{rel}","templated":true}]}}