{"id":52525,"date":"2023-03-12T09:53:00","date_gmt":"2023-03-12T15:53:00","guid":{"rendered":"http:\/\/www.zonaroja.com.mx\/?p=52525"},"modified":"2023-03-11T19:01:31","modified_gmt":"2023-03-12T01:01:31","slug":"juchitan-mas-violento-este-ano-que-2023-ejecuciones-incesantes","status":"publish","type":"post","link":"https:\/\/zonaroja.com.mx\/?p=52525","title":{"rendered":"Juchit\u00e1n m\u00e1s violento este a\u00f1o que 2023; ejecuciones incesantes"},"content":{"rendered":"\n<p>Yuridiana Sosa\/Zona Roja.<\/p>\n\n\n\n<p>Oaxaca de Ju\u00e1rez, Oax., a 12 de marzo de 2023.- La violencia en Juchit\u00e1n de Zaragoza presenta un incremento en lo que va del primer trimestre de 2023 en comparaci\u00f3n al a\u00f1o anterior, de acuerdo a cifras del Secretariado Ejecutivo del Sistema Nacional de Seguridad P\u00fablica (SESNSP).<\/p>\n\n\n\n<p>Al inicio de esta semana se registraron dos ejecutados en dicho municipio gobernado por el Partido del Trabajo, aliado de Morena; otro m\u00e1s el viernes, con lo que suman de manera preliminar 11 asesinatos en lo que va del a\u00f1o, mientras que las cifras oficiales se\u00f1alan que al cierre del primer trimestre del 2022 fueron ocho homicidios dolosos.<\/p>\n\n\n\n<p>Ayer un individuo fue ejecutado a balazos en la Octava Secci\u00f3n; r la ma\u00f1ana del martes fue localizado un cuerpo sin vida de un var\u00f3n, a un costado del tramo carretero Juchit\u00e1n-El Espinal, a un costado de la colonia COCEI.<\/p>\n\n\n\n<p>La noche del lunes se report\u00f3 el hallazgo del cuerpo sin vida de un hombre en la calle Ferrocarril esquina con Melchor Ocampo de la S\u00e9ptima Secci\u00f3n, el cual presentaba huellas de violencia y un disparo en la cabeza; fue identificado como Manuel \u201cN\u201d, alias \u201cEl Capo\u201d.<\/p>\n\n\n\n<p>M\u00daLTIPLES CR\u00cdMENES<\/p>\n\n\n\n<p>En febrero se registraron al menos tres asesinatos m\u00e1s, uno de ellos el d\u00eda 25 contra un hombre que se encontraba ingiriendo bebidas embriagantes en la v\u00eda p\u00fablica, a la altura de la entrada al fraccionamiento La Planta.<\/p>\n\n\n\n<p>Mientras que el 18 de febrero, dos menores de edad, hermanos, fueron asesinados y arrojados sus cuerpos a un costado de la carretera Juchit\u00e1n-El Espinal; la Fiscal\u00eda General del Estado de Oaxaca (FGEO) determin\u00f3 que los ni\u00f1os de nueve y siete a\u00f1os murieron por asfixia.<\/p>\n\n\n\n<p>En tanto que el SESNSP report\u00f3 que en enero se llevaron a cabo cinco homicidios dolosos, todos con arma de fuego.<\/p>\n\n\n\n<p>Por otra parte, el 6 de marzo registr\u00f3 en la agencia de Chicapa de Castro, de Juchit\u00e1n de Zaragoza, el intento del linchamiento de dos personas del sexo masculino tras ser culpadas de un asalto a un local comercial. Los presuntos asaltantes tambi\u00e9n fueron lesionados de bala.<\/p>\n\n\n\n<p>Luego de ser localizados en el interior de un domicilio, los pobladores los sacaron, los golpearon y colgaron de un \u00e1rbol para lincharlos; sin embargo, fue a intervenci\u00f3n sus familiares para suplicar que los bajaran, y no de la polic\u00eda municipal.<\/p>\n\n\n\n<p>El municipio es actualmente gobernado por Miguel S\u00e1nchez Altamirano, quien supli\u00f3 al actual director del Instituto Estatal de Educaci\u00f3n P\u00fablica de Oaxaca, Emilio Montero P\u00e9rez, quien a su vez presidi\u00f3 el ayuntamiento por cuatro a\u00f1os, tres por Morena y uno por el PT.<\/p>\n","protected":false},"excerpt":{"rendered":"<p>Yuridiana Sosa\/Zona Roja. Oaxaca de Ju\u00e1rez, Oax., a 12 de marzo de 2023.- La violencia&hellip;<\/p>\n","protected":false},"author":2,"featured_media":52527,"comment_status":"closed","ping_status":"open","sticky":false,"template":"","format":"standard","meta":{"_lmt_disableupdate":"","_lmt_disable":"","_jetpack_memberships_contains_paid_content":false,"footnotes":""},"categories":[109,47],"tags":[123],"class_list":["post-52525","post","type-post","status-publish","format-standard","has-post-thumbnail","hentry","category-minuto-a-minuto","category-zona-gris","tag-juchitan-de-zaragoza"],"jetpack_featured_media_url":"https:\/\/zonaroja.com.mx\/wp-content\/uploads\/2023\/03\/Miguel-Sanchez-y-Emilio-Montero.jpg","jetpack_sharing_enabled":true,"_links":{"self":[{"href":"https:\/\/zonaroja.com.mx\/index.php?rest_route=\/wp\/v2\/posts\/52525","targetHints":{"allow":["GET"]}}],"collection":[{"href":"https:\/\/zonaroja.com.mx\/index.php?rest_route=\/wp\/v2\/posts"}],"about":[{"href":"https:\/\/zonaroja.com.mx\/index.php?rest_route=\/wp\/v2\/types\/post"}],"author":[{"embeddable":true,"href":"https:\/\/zonaroja.com.mx\/index.php?rest_route=\/wp\/v2\/users\/2"}],"replies":[{"embeddable":true,"href":"https:\/\/zonaroja.com.mx\/index.php?rest_route=%2Fwp%2Fv2%2Fcomments&post=52525"}],"version-history":[{"count":4,"href":"https:\/\/zonaroja.com.mx\/index.php?rest_route=\/wp\/v2\/posts\/52525\/revisions"}],"predecessor-version":[{"id":52702,"href":"https:\/\/zonaroja.com.mx\/index.php?rest_route=\/wp\/v2\/posts\/52525\/revisions\/52702"}],"wp:featuredmedia":[{"embeddable":true,"href":"https:\/\/zonaroja.com.mx\/index.php?rest_route=\/wp\/v2\/media\/52527"}],"wp:attachment":[{"href":"https:\/\/zonaroja.com.mx\/index.php?rest_route=%2Fwp%2Fv2%2Fmedia&parent=52525"}],"wp:term":[{"taxonomy":"category","embeddable":true,"href":"https:\/\/zonaroja.com.mx\/index.php?rest_route=%2Fwp%2Fv2%2Fcategories&post=52525"},{"taxonomy":"post_tag","embeddable":true,"href":"https:\/\/zonaroja.com.mx\/index.php?rest_route=%2Fwp%2Fv2%2Ftags&post=52525"}],"curies":[{"name":"wp","href":"https:\/\/api.w.org\/{rel}","templated":true}]}}