{"id":52529,"date":"2023-03-07T22:07:17","date_gmt":"2023-03-08T04:07:17","guid":{"rendered":"http:\/\/www.zonaroja.com.mx\/?p=52529"},"modified":"2023-03-07T22:07:19","modified_gmt":"2023-03-08T04:07:19","slug":"garantiza-congreso-derechos-politico-electorales-para-personas-con-discapacidad","status":"publish","type":"post","link":"https:\/\/zonaroja.com.mx\/?p=52529","title":{"rendered":"Garantiza Congreso derechos pol\u00edtico electorales para personas con discapacidad"},"content":{"rendered":"\n<p>Redacci\u00f3n\/Zona Roja.<\/p>\n\n\n\n<p>Oaxaca de Ju\u00e1rez, Oax., a 7 de marzo de 2023.- Con una iniciativa planteada por las diputadas X\u00f3chitl Jazm\u00edn Vel\u00e1zquez V\u00e1squez y Lizbeth Anaid Concha Ojeda, el pleno del Congreso del Estado aprob\u00f3 el proyecto de decreto por el cual se reforman diversos art\u00edculos de la Ley de Instituciones y Procedimientos Electorales, a fin de garantizar una sociedad m\u00e1s justa y equitativa.<\/p>\n\n\n\n<p>Con la reforma a los art\u00edculos 1, 9, 24, 31, 47 y 182, se garantiza que las personas con discapacidad puedan participar de manera plena y efectiva en la vida pol\u00edtica en igualdad de condiciones con los dem\u00e1s para que tengan acceso a la postulaci\u00f3n y desempe\u00f1o de cargos p\u00fablicos.<\/p>\n\n\n\n<p>\u201cHoy seguimos construyendo un entorno a la igualdad de oportunidades y no discriminaci\u00f3n de grupos vulnerables, las acciones afirmativas tienen como prop\u00f3sito asegurar una mayor inclusi\u00f3n a partir de la definici\u00f3n de piso m\u00ednimo para la participaci\u00f3n pol\u00edtica de los grupos que han sido hist\u00f3ricamente discriminados\u201d, extern\u00f3 la diputada Clelia Toledo Bernal, presidenta de la Comisi\u00f3n Permanente de Democracia y Participaci\u00f3n Ciudadana.<\/p>\n\n\n\n<p>Por su parte, la legisladora X\u00f3chitl Jazm\u00edn Vel\u00e1squez coment\u00f3 que esta reforma, adem\u00e1s de garantizar los derechos pol\u00edticos de personas con discapacidad, tambi\u00e9n incluye a adultos mayores, j\u00f3venes y de la diversidad sexual \u201cpara que puedan desempe\u00f1ar cualquier funci\u00f3n p\u00fablica, participar en la direcci\u00f3n de asuntos p\u00fablicos y a ser elegidos para integrar alg\u00fan \u00f3rgano representativo o cargo p\u00fablico\u201d, extern\u00f3.<\/p>\n\n\n\n<p>En palabras de la congresista Lizbeth Anaid Concha Ojeda, \u201cesta iniciativa cambia un paradigma del trato asistencialista de las personas con discapacidad, reconociendo que deben desarrollarse en igualdad de condiciones exigiendo sus derechos y cumpliendo sus obligaciones\u201d.<\/p>\n\n\n\n<p>De acuerdo con el Informe Mundial Sobre Discapacidad, 15 por ciento de la poblaci\u00f3n vive alg\u00fan tipo de discapacidad, mientras que en M\u00e9xico 5.69 por ciento de los habitantes padece alguna, siendo Oaxaca una de las entidades con mayor incidencia.<\/p>\n\n\n\n<p>Este decreto en favor de las personas en situaci\u00f3n de vulnerabilidad, entrar\u00e1 en vigor al d\u00eda siguiente de su publicaci\u00f3n en el Peri\u00f3dico Oficial del Gobierno del Estado de Oaxaca.<\/p>\n","protected":false},"excerpt":{"rendered":"<p>Redacci\u00f3n\/Zona Roja. Oaxaca de Ju\u00e1rez, Oax., a 7 de marzo de 2023.- Con una iniciativa&hellip;<\/p>\n","protected":false},"author":2,"featured_media":52001,"comment_status":"closed","ping_status":"open","sticky":false,"template":"","format":"standard","meta":{"_lmt_disableupdate":"","_lmt_disable":"","_jetpack_memberships_contains_paid_content":false,"footnotes":""},"categories":[109,46],"tags":[303],"class_list":["post-52529","post","type-post","status-publish","format-standard","has-post-thumbnail","hentry","category-minuto-a-minuto","category-zona-blanca","tag-congreso-del-estado-de-oaxaca"],"jetpack_featured_media_url":"https:\/\/zonaroja.com.mx\/wp-content\/uploads\/2023\/02\/Sesion-Congreso-de-Oaxaca.jpg","jetpack_sharing_enabled":true,"_links":{"self":[{"href":"https:\/\/zonaroja.com.mx\/index.php?rest_route=\/wp\/v2\/posts\/52529","targetHints":{"allow":["GET"]}}],"collection":[{"href":"https:\/\/zonaroja.com.mx\/index.php?rest_route=\/wp\/v2\/posts"}],"about":[{"href":"https:\/\/zonaroja.com.mx\/index.php?rest_route=\/wp\/v2\/types\/post"}],"author":[{"embeddable":true,"href":"https:\/\/zonaroja.com.mx\/index.php?rest_route=\/wp\/v2\/users\/2"}],"replies":[{"embeddable":true,"href":"https:\/\/zonaroja.com.mx\/index.php?rest_route=%2Fwp%2Fv2%2Fcomments&post=52529"}],"version-history":[{"count":1,"href":"https:\/\/zonaroja.com.mx\/index.php?rest_route=\/wp\/v2\/posts\/52529\/revisions"}],"predecessor-version":[{"id":52530,"href":"https:\/\/zonaroja.com.mx\/index.php?rest_route=\/wp\/v2\/posts\/52529\/revisions\/52530"}],"wp:featuredmedia":[{"embeddable":true,"href":"https:\/\/zonaroja.com.mx\/index.php?rest_route=\/wp\/v2\/media\/52001"}],"wp:attachment":[{"href":"https:\/\/zonaroja.com.mx\/index.php?rest_route=%2Fwp%2Fv2%2Fmedia&parent=52529"}],"wp:term":[{"taxonomy":"category","embeddable":true,"href":"https:\/\/zonaroja.com.mx\/index.php?rest_route=%2Fwp%2Fv2%2Fcategories&post=52529"},{"taxonomy":"post_tag","embeddable":true,"href":"https:\/\/zonaroja.com.mx\/index.php?rest_route=%2Fwp%2Fv2%2Ftags&post=52529"}],"curies":[{"name":"wp","href":"https:\/\/api.w.org\/{rel}","templated":true}]}}