{"id":52531,"date":"2023-03-08T09:07:00","date_gmt":"2023-03-08T15:07:00","guid":{"rendered":"http:\/\/www.zonaroja.com.mx\/?p=52531"},"modified":"2023-03-07T22:11:31","modified_gmt":"2023-03-08T04:11:31","slug":"advierte-eu-sera-implacable-para-que-se-haga-justicia-por-sus-ciudadanos","status":"publish","type":"post","link":"https:\/\/zonaroja.com.mx\/?p=52531","title":{"rendered":"Advierte EU: \u201cser\u00e1 implacable\u201d para que se haga justicia por sus ciudadanos"},"content":{"rendered":"\n<p>Redacci\u00f3n\/Zona Roja Cdmx.<\/p>\n\n\n\n<p>Ciudad de M\u00e9xico, a 8 de marzo de 2023.- Estados Unidos \u00abser\u00e1 implacable\u00bb para que \u00abse haga justicia\u00bb tras el secuestro de cuatro estadounidenses en M\u00e9xico, dos de los cuales fueron hallados muertos, afirm\u00f3 este martes el gobierno estadounidense.<\/p>\n\n\n\n<p>\u00abEl Departamento de Justicia ser\u00e1 implacable en la b\u00fasqueda de justicia\u00bb, afirm\u00f3 en un comunicado el fiscal general, Merrick Garland.<\/p>\n\n\n\n<p>\u00abHaremos todo lo que est\u00e9 a nuestro alcance para identificar, encontrar y pedir cuentas a los responsables de este ataque contra ciudadanos estadounidenses\u00bb, a\u00f1ade.<\/p>\n\n\n\n<p>En sinton\u00eda con \u00e9l, el portavoz de Seguridad Nacional de la Casa Blanca, John Kirby, declar\u00f3 a la prensa que van \u00aba trabajar de cerca con el gobierno mexicano para garantizar que se haga justicia en este caso\u201d.<\/p>\n\n\n\n<p>Los estadounidenses fueron secuestrados tras cruzar la frontera el pasado viernes para comprar medicinas, seg\u00fan el presidente mexicano, Andr\u00e9s Manuel L\u00f3pez Obrador.<\/p>\n\n\n\n<p>Los cuatro estadounidenses cruzaron el viernes a la ciudad fronteriza de Matamoros, en el noreste de M\u00e9xico, seg\u00fan la Oficina Federal de Investigaciones de Estados Unidos.<\/p>\n\n\n\n<p>Hombres armados no identificados les dispararon y los secuestraron. Dos fueron hallados muertos y de los dos restantes uno est\u00e1 herido, seg\u00fan las autoridades mexicanas.<\/p>\n\n\n\n<p>\u00abLos dos estadounidenses supervivientes ahora reciben tratamiento m\u00e9dico en Estados Unidos\u00bb, se\u00f1al\u00f3 Garland.<\/p>\n\n\n\n<p>La portavoz de la Casa Blanca, Karine Jean-Pierre, reiter\u00f3 que \u00ablos ataques a ciudadanos estadounidenses son inaceptables, dondequiera que sea y bajo cualquier circunstancia\u00bb.<\/p>\n\n\n\n<p>Jean-Pierre dio el p\u00e9same a las familias y agradeci\u00f3 \u00abel arduo trabajo\u00bb de los Departamentos de Justicia y Seguridad Nacional, del FBI y de la agencia antidrogas DEA \u00abpor su r\u00e1pida respuesta a este terrible incidente y por su continua colaboraci\u00f3n con las autoridades mexicanas\u00bb.<\/p>\n\n\n\n<p>Seg\u00fan ella, el gobierno estadounidense del presidente dem\u00f3crata Joe Biden ha \u00abintensificado la coordinaci\u00f3n\u00bb con el de M\u00e9xico \u00abpara garantizar la seguridad a lo largo de nuestra frontera compartida\u00bb.<\/p>\n\n\n\n<p>A\u00f1adi\u00f3 que los dos pa\u00edses trabajan \u00abcoordinados\u00bb en la lucha contra los c\u00e1rteles de droga.<\/p>\n\n\n\n<p>(Informaci\u00f3n de la agencia AFP)<\/p>\n","protected":false},"excerpt":{"rendered":"<p>Redacci\u00f3n\/Zona Roja Cdmx. Ciudad de M\u00e9xico, a 8 de marzo de 2023.- Estados Unidos \u00abser\u00e1&hellip;<\/p>\n","protected":false},"author":2,"featured_media":52512,"comment_status":"closed","ping_status":"open","sticky":false,"template":"","format":"standard","meta":{"_lmt_disableupdate":"","_lmt_disable":"","_jetpack_memberships_contains_paid_content":false,"footnotes":""},"categories":[109,47],"tags":[2919],"class_list":["post-52531","post","type-post","status-publish","format-standard","has-post-thumbnail","hentry","category-minuto-a-minuto","category-zona-gris","tag-matamoros-tamaulipas"],"jetpack_featured_media_url":"https:\/\/zonaroja.com.mx\/wp-content\/uploads\/2023\/03\/Estadounidenses-secuestrados.jpg","jetpack_sharing_enabled":true,"_links":{"self":[{"href":"https:\/\/zonaroja.com.mx\/index.php?rest_route=\/wp\/v2\/posts\/52531","targetHints":{"allow":["GET"]}}],"collection":[{"href":"https:\/\/zonaroja.com.mx\/index.php?rest_route=\/wp\/v2\/posts"}],"about":[{"href":"https:\/\/zonaroja.com.mx\/index.php?rest_route=\/wp\/v2\/types\/post"}],"author":[{"embeddable":true,"href":"https:\/\/zonaroja.com.mx\/index.php?rest_route=\/wp\/v2\/users\/2"}],"replies":[{"embeddable":true,"href":"https:\/\/zonaroja.com.mx\/index.php?rest_route=%2Fwp%2Fv2%2Fcomments&post=52531"}],"version-history":[{"count":1,"href":"https:\/\/zonaroja.com.mx\/index.php?rest_route=\/wp\/v2\/posts\/52531\/revisions"}],"predecessor-version":[{"id":52532,"href":"https:\/\/zonaroja.com.mx\/index.php?rest_route=\/wp\/v2\/posts\/52531\/revisions\/52532"}],"wp:featuredmedia":[{"embeddable":true,"href":"https:\/\/zonaroja.com.mx\/index.php?rest_route=\/wp\/v2\/media\/52512"}],"wp:attachment":[{"href":"https:\/\/zonaroja.com.mx\/index.php?rest_route=%2Fwp%2Fv2%2Fmedia&parent=52531"}],"wp:term":[{"taxonomy":"category","embeddable":true,"href":"https:\/\/zonaroja.com.mx\/index.php?rest_route=%2Fwp%2Fv2%2Fcategories&post=52531"},{"taxonomy":"post_tag","embeddable":true,"href":"https:\/\/zonaroja.com.mx\/index.php?rest_route=%2Fwp%2Fv2%2Ftags&post=52531"}],"curies":[{"name":"wp","href":"https:\/\/api.w.org\/{rel}","templated":true}]}}