{"id":52535,"date":"2023-03-09T10:33:00","date_gmt":"2023-03-09T16:33:00","guid":{"rendered":"http:\/\/www.zonaroja.com.mx\/?p=52535"},"modified":"2023-03-08T21:08:55","modified_gmt":"2023-03-09T03:08:55","slug":"condenan-a-mil-310-anos-de-carcel-a-pandillero-en-el-salvador","status":"publish","type":"post","link":"https:\/\/zonaroja.com.mx\/?p=52535","title":{"rendered":"Condenan a mil 310 a\u00f1os de c\u00e1rcel a pandillero en El Salvador"},"content":{"rendered":"\n<p>Redacci\u00f3n\/Zona Roja Cdmx.<\/p>\n\n\n\n<p>Ciudad de M\u00e9xico, a 9 de marzo de 2023.- Wilmer Segovia, miembro de la Mara Salvatrucha, espec\u00edficamente de la c\u00e9lula \u201cShulton\u201d, fue condenado a mil 310 a\u00f1os en prisi\u00f3n por una corte de El Salvador.<\/p>\n\n\n\n<p>\u201cEl pandillero es responsable de haber cometido 33 homicidios, 9 proposiciones para cometer asesinatos y varias extorsiones\u00bb, de acuerdo con el fiscal general de El Salvador, Rodolfo Delgado.<\/p>\n\n\n\n<p>\u00abLos pandilleros que tanto dolor y llanto le han causado al pueblo salvadore\u00f1o, No van a salir. Permanecer\u00e1n encerrados hasta que paguen por cada uno de sus cr\u00edmenes. Nos encargaremos de eso\u00bb, subray\u00f3 en Twitter.<\/p>\n\n\n\n<p>Igualmente, comparti\u00f3 la condena de Miguel \u00c1ngel Portillo, de la misma c\u00e9lula de la MS13, que fue condenado a 945 a\u00f1os de prisi\u00f3n por \u00ab22 homicidios, 4 proposiciones para cometer asesinato, un intento de homicidio y extorsiones\u00bb.<\/p>\n\n\n\n<p>El fiscal salvadore\u00f1o no dio detalles de la fecha de captura de los detenidos o si fueron capturados en el marco del r\u00e9gimen de excepci\u00f3n.<\/p>\n\n\n\n<p>Tampoco explic\u00f3 si fueron condenados bajo las reformas penales aprobadas en la Asamblea Legislativa bajo el r\u00e9gimen de excepci\u00f3n.<\/p>\n\n\n\n<p>A finales de marzo de 2022, el Congreso de El Salvador aprob\u00f3 un fuerte endurecimiento de penas contra los miembros de pandillas en respuesta a la ola de homicidios que el pa\u00eds vivi\u00f3 en esa \u00e9poca.<\/p>\n\n\n\n<p>Seg\u00fan diferentes encuestas, este r\u00e9gimen tiene un 95% de aprobaci\u00f3n del pueblo salvador.<\/p>\n\n\n\n<p>(Informaci\u00f3n de EFE en \u201cMilenio\u201d)<\/p>\n","protected":false},"excerpt":{"rendered":"<p>Redacci\u00f3n\/Zona Roja Cdmx. Ciudad de M\u00e9xico, a 9 de marzo de 2023.- Wilmer Segovia, miembro&hellip;<\/p>\n","protected":false},"author":2,"featured_media":52536,"comment_status":"closed","ping_status":"open","sticky":false,"template":"","format":"standard","meta":{"_lmt_disableupdate":"","_lmt_disable":"","_jetpack_memberships_contains_paid_content":false,"footnotes":""},"categories":[109,47],"tags":[2839],"class_list":["post-52535","post","type-post","status-publish","format-standard","has-post-thumbnail","hentry","category-minuto-a-minuto","category-zona-gris","tag-el-salvador"],"jetpack_featured_media_url":"https:\/\/zonaroja.com.mx\/wp-content\/uploads\/2023\/03\/Mara-Salvatrucha-El-Salvador.jpeg","jetpack_sharing_enabled":true,"_links":{"self":[{"href":"https:\/\/zonaroja.com.mx\/index.php?rest_route=\/wp\/v2\/posts\/52535","targetHints":{"allow":["GET"]}}],"collection":[{"href":"https:\/\/zonaroja.com.mx\/index.php?rest_route=\/wp\/v2\/posts"}],"about":[{"href":"https:\/\/zonaroja.com.mx\/index.php?rest_route=\/wp\/v2\/types\/post"}],"author":[{"embeddable":true,"href":"https:\/\/zonaroja.com.mx\/index.php?rest_route=\/wp\/v2\/users\/2"}],"replies":[{"embeddable":true,"href":"https:\/\/zonaroja.com.mx\/index.php?rest_route=%2Fwp%2Fv2%2Fcomments&post=52535"}],"version-history":[{"count":2,"href":"https:\/\/zonaroja.com.mx\/index.php?rest_route=\/wp\/v2\/posts\/52535\/revisions"}],"predecessor-version":[{"id":52561,"href":"https:\/\/zonaroja.com.mx\/index.php?rest_route=\/wp\/v2\/posts\/52535\/revisions\/52561"}],"wp:featuredmedia":[{"embeddable":true,"href":"https:\/\/zonaroja.com.mx\/index.php?rest_route=\/wp\/v2\/media\/52536"}],"wp:attachment":[{"href":"https:\/\/zonaroja.com.mx\/index.php?rest_route=%2Fwp%2Fv2%2Fmedia&parent=52535"}],"wp:term":[{"taxonomy":"category","embeddable":true,"href":"https:\/\/zonaroja.com.mx\/index.php?rest_route=%2Fwp%2Fv2%2Fcategories&post=52535"},{"taxonomy":"post_tag","embeddable":true,"href":"https:\/\/zonaroja.com.mx\/index.php?rest_route=%2Fwp%2Fv2%2Ftags&post=52535"}],"curies":[{"name":"wp","href":"https:\/\/api.w.org\/{rel}","templated":true}]}}